{"id":3429,"date":"2023-08-23T15:15:14","date_gmt":"2023-08-23T18:15:14","guid":{"rendered":"https:\/\/salvadoracontece.com.br\/?p=3429"},"modified":"2023-08-23T15:15:16","modified_gmt":"2023-08-23T18:15:16","slug":"aviao-de-lider-mercenario-que-desafiou-putin-cai-e-mata-todos-a-bordo","status":"publish","type":"post","link":"https:\/\/salvadoracontece.com.br\/index.php\/2023\/08\/23\/aviao-de-lider-mercenario-que-desafiou-putin-cai-e-mata-todos-a-bordo\/","title":{"rendered":"Avi\u00e3o de l\u00edder mercen\u00e1rio que desafiou Putin cai e mata todos a bordo"},"content":{"rendered":"\n<p>O l\u00edder do grupo mercen\u00e1rio Wagner, que protagonizou um motim contra a c\u00fapula militar da R\u00fassia no maior desafio ao presidente Vladimir Putin em mais de 20 anos, estava na lista de passageiros de um jato executivo que caiu perto de Tver, na R\u00fassia. Todas as dez pessoas a bordo morreram.<\/p>\n\n\n\n<p><br>O acidente ocorreu na noite desta quarta (23) na rota que o jato de fabrica\u00e7\u00e3o brasileira Embraer Legacy 600 fazia entre Moscou e S\u00e3o Petersburgo, um dia depois de Ievgu\u00eani Prigojin reaparecer em suas redes sociais com um v\u00eddeo que teria sido gravado durante opera\u00e7\u00f5es do Wagner na \u00c1frica, de acordo com mat\u00e9ria da Folha de S. Paulo.&nbsp;<\/p>\n\n\n\n<p>O jato tinha matr\u00edcula RA-02785, e desde 2019 estava sob san\u00e7\u00e3o dos Estados Unidos por ser considerado de propriedade de Prigojin, que era um aliado pr\u00f3ximo de Putin. Ele foi visto embarcando na aeronave diversas vezes, inclusive quando foi para Belarus ap\u00f3s o motim fracassado de 24 de junho.<\/p>\n\n\n\n<p>O epis\u00f3dio nunca foi explicado totalmente, com diversas contradi\u00e7\u00f5es em seu curso. Se confirmada a morte do empres\u00e1rio em solo russo, contudo, ser\u00e1 muito dif\u00edcil para o Kremlin evitar as acusa\u00e7\u00f5es de queima de arquivo.<\/p>\n\n\n\n<p>Nesta mesma quarta, um dos principais generais russos, Serguei Surovikin, foi demitido da chefia das For\u00e7as Aeroespaciais ap\u00f3s uma nebulosa investiga\u00e7\u00e3o acerca de suas liga\u00e7\u00f5es com Prigojin e o motim, embora ningu\u00e9m fale isso oficialmente na R\u00fassia.<\/p>\n\n\n\n<p>Ele \u00e9 o mais pr\u00f3ximo ex-auxiliar do presidente russo a morrer em circunst\u00e2ncias obscuras. Conhecido como &#8220;chef de Putin&#8221;, por ter fornecido servi\u00e7os de alimenta\u00e7\u00e3o no Kremlin e ao governo russo, em contratos anuais de US$ 1 bilh\u00e3o. Seu grupo mercen\u00e1rio, atuante desde 2014, foi instrumento importante na Guerra da Ucr\u00e2nia at\u00e9 o rompimento de Prigojin com a c\u00fapula militar russa, antes do motim.&nbsp;&nbsp;<\/p>\n","protected":false},"excerpt":{"rendered":"<p>O l\u00edder do grupo mercen\u00e1rio Wagner, que protagonizou um motim contra a c\u00fapula militar da R\u00fassia no maior desafio ao presidente Vladimir Putin em mais de 20 anos, estava na lista de passageiros de um jato executivo que caiu perto de Tver, na R\u00fassia. Todas as dez pessoas a bordo morreram. O acidente ocorreu na [&hellip;]<\/p>\n","protected":false},"author":2,"featured_media":3430,"comment_status":"open","ping_status":"open","sticky":false,"template":"","format":"standard","meta":{"footnotes":""},"categories":[85],"tags":[],"class_list":["post-3429","post","type-post","status-publish","format-standard","has-post-thumbnail","hentry","category-noticias"],"_links":{"self":[{"href":"https:\/\/salvadoracontece.com.br\/index.php\/wp-json\/wp\/v2\/posts\/3429","targetHints":{"allow":["GET"]}}],"collection":[{"href":"https:\/\/salvadoracontece.com.br\/index.php\/wp-json\/wp\/v2\/posts"}],"about":[{"href":"https:\/\/salvadoracontece.com.br\/index.php\/wp-json\/wp\/v2\/types\/post"}],"author":[{"embeddable":true,"href":"https:\/\/salvadoracontece.com.br\/index.php\/wp-json\/wp\/v2\/users\/2"}],"replies":[{"embeddable":true,"href":"https:\/\/salvadoracontece.com.br\/index.php\/wp-json\/wp\/v2\/comments?post=3429"}],"version-history":[{"count":1,"href":"https:\/\/salvadoracontece.com.br\/index.php\/wp-json\/wp\/v2\/posts\/3429\/revisions"}],"predecessor-version":[{"id":3431,"href":"https:\/\/salvadoracontece.com.br\/index.php\/wp-json\/wp\/v2\/posts\/3429\/revisions\/3431"}],"wp:featuredmedia":[{"embeddable":true,"href":"https:\/\/salvadoracontece.com.br\/index.php\/wp-json\/wp\/v2\/media\/3430"}],"wp:attachment":[{"href":"https:\/\/salvadoracontece.com.br\/index.php\/wp-json\/wp\/v2\/media?parent=3429"}],"wp:term":[{"taxonomy":"category","embeddable":true,"href":"https:\/\/salvadoracontece.com.br\/index.php\/wp-json\/wp\/v2\/categories?post=3429"},{"taxonomy":"post_tag","embeddable":true,"href":"https:\/\/salvadoracontece.com.br\/index.php\/wp-json\/wp\/v2\/tags?post=3429"}],"curies":[{"name":"wp","href":"https:\/\/api.w.org\/{rel}","templated":true}]}}