{"id":3441,"date":"2023-08-23T16:27:26","date_gmt":"2023-08-23T19:27:26","guid":{"rendered":"https:\/\/salvadoracontece.com.br\/?p=3441"},"modified":"2023-08-23T16:27:28","modified_gmt":"2023-08-23T19:27:28","slug":"pai-e-filho-de-4-anos-sao-baleados-quando-dormiam-caso-ocorreu-em-feira-de-santana","status":"publish","type":"post","link":"https:\/\/salvadoracontece.com.br\/index.php\/2023\/08\/23\/pai-e-filho-de-4-anos-sao-baleados-quando-dormiam-caso-ocorreu-em-feira-de-santana\/","title":{"rendered":"Pai e filho de 4 anos s\u00e3o baleados quando dormiam; caso ocorreu em Feira de Santana"},"content":{"rendered":"\n<p>Um homem, de 28 anos; e o filho dele, de 4, foram baleados na madrugada desta quarta-feira (23) em\u00a0Feira de Santana. Segundo o\u00a0Acorda Cidade, o pai do garoto foi identificado como Gilvan Moreira Lima.<\/p>\n\n\n\n<p>Uma testemunha contou que homens armados invadiram a casa das v\u00edtimas, que estavam dormindo, e atiraram contra Gilvan, que foi atingido na perna. J\u00e1 a crian\u00e7a foi baleada no rosto.<\/p>\n\n\n\n<p>Os dois foram levados para uma unidade de sa\u00fade. O fato ocorreu na resid\u00eancia das v\u00edtimas, situada na Rua Ant\u00f4nio Carvalho, bairro Campo Limpo. At\u00e9 o momento, n\u00e3o h\u00e1 informa\u00e7\u00f5es sobre o estado de sa\u00fade deles. A autoria e a motiva\u00e7\u00e3o do crime devem ser investigadas. <\/p>\n\n\n\n<p>Fonte: Bahia Not\u00edcias <\/p>\n","protected":false},"excerpt":{"rendered":"<p>Um homem, de 28 anos; e o filho dele, de 4, foram baleados na madrugada desta quarta-feira (23) em\u00a0Feira de Santana. Segundo o\u00a0Acorda Cidade, o pai do garoto foi identificado como Gilvan Moreira Lima. Uma testemunha contou que homens armados invadiram a casa das v\u00edtimas, que estavam dormindo, e atiraram contra Gilvan, que foi atingido [&hellip;]<\/p>\n","protected":false},"author":2,"featured_media":3442,"comment_status":"open","ping_status":"open","sticky":false,"template":"","format":"standard","meta":{"footnotes":""},"categories":[108,105],"tags":[],"class_list":["post-3441","post","type-post","status-publish","format-standard","has-post-thumbnail","hentry","category-justica","category-policia"],"_links":{"self":[{"href":"https:\/\/salvadoracontece.com.br\/index.php\/wp-json\/wp\/v2\/posts\/3441","targetHints":{"allow":["GET"]}}],"collection":[{"href":"https:\/\/salvadoracontece.com.br\/index.php\/wp-json\/wp\/v2\/posts"}],"about":[{"href":"https:\/\/salvadoracontece.com.br\/index.php\/wp-json\/wp\/v2\/types\/post"}],"author":[{"embeddable":true,"href":"https:\/\/salvadoracontece.com.br\/index.php\/wp-json\/wp\/v2\/users\/2"}],"replies":[{"embeddable":true,"href":"https:\/\/salvadoracontece.com.br\/index.php\/wp-json\/wp\/v2\/comments?post=3441"}],"version-history":[{"count":1,"href":"https:\/\/salvadoracontece.com.br\/index.php\/wp-json\/wp\/v2\/posts\/3441\/revisions"}],"predecessor-version":[{"id":3443,"href":"https:\/\/salvadoracontece.com.br\/index.php\/wp-json\/wp\/v2\/posts\/3441\/revisions\/3443"}],"wp:featuredmedia":[{"embeddable":true,"href":"https:\/\/salvadoracontece.com.br\/index.php\/wp-json\/wp\/v2\/media\/3442"}],"wp:attachment":[{"href":"https:\/\/salvadoracontece.com.br\/index.php\/wp-json\/wp\/v2\/media?parent=3441"}],"wp:term":[{"taxonomy":"category","embeddable":true,"href":"https:\/\/salvadoracontece.com.br\/index.php\/wp-json\/wp\/v2\/categories?post=3441"},{"taxonomy":"post_tag","embeddable":true,"href":"https:\/\/salvadoracontece.com.br\/index.php\/wp-json\/wp\/v2\/tags?post=3441"}],"curies":[{"name":"wp","href":"https:\/\/api.w.org\/{rel}","templated":true}]}}