{"id":3444,"date":"2023-08-23T16:44:01","date_gmt":"2023-08-23T19:44:01","guid":{"rendered":"https:\/\/salvadoracontece.com.br\/?p=3444"},"modified":"2023-08-23T16:44:03","modified_gmt":"2023-08-23T19:44:03","slug":"jeronimo-recebe-medalha-merito-santos-dumont-e-se-torna-primeiro-governador-em-exercicio-a-receber-honraria","status":"publish","type":"post","link":"https:\/\/salvadoracontece.com.br\/index.php\/2023\/08\/23\/jeronimo-recebe-medalha-merito-santos-dumont-e-se-torna-primeiro-governador-em-exercicio-a-receber-honraria\/","title":{"rendered":"Jer\u00f4nimo recebe Medalha M\u00e9rito Santos-Dumont e se torna primeiro governador em exerc\u00edcio a receber honraria"},"content":{"rendered":"\n<p>O governador Jer\u00f4nimo Rodrigues (PT) recebeu da For\u00e7a A\u00e9rea Brasileira (FAB), a medalha M\u00e9rito Santos-Dumont. A condecora\u00e7\u00e3o \u00e9 concedida a civis e militares com &#8220;destacados servi\u00e7os&#8221; \u00e0 Aeron\u00e1utica ou, &#8220;por suas qualidades ou seu valor&#8221;.<\/p>\n\n\n\n<p>Jer\u00f4nimo \u00e9 o primeiro governador da Bahia em exerc\u00edcio a receber a honraria militar que leva o nome do pai da avia\u00e7\u00e3o. &#8220;A parceria e o respeito entre o Governo do Estado e a For\u00e7a A\u00e9rea continuar\u00e3o sendo refor\u00e7ados&#8221;, afirmou o petista.<\/p>\n\n\n\n<p>A medalha foi entregue, na manh\u00e3 desta quarta-feira (23), pelo comandante da Base A\u00e9rea de Salvador, Coronel Aviador Vin\u00edcius Guimar\u00e3es Nogueira, durante visita \u00e0 Governadoria, na capital baiana. <\/p>\n","protected":false},"excerpt":{"rendered":"<p>O governador Jer\u00f4nimo Rodrigues (PT) recebeu da For\u00e7a A\u00e9rea Brasileira (FAB), a medalha M\u00e9rito Santos-Dumont. A condecora\u00e7\u00e3o \u00e9 concedida a civis e militares com &#8220;destacados servi\u00e7os&#8221; \u00e0 Aeron\u00e1utica ou, &#8220;por suas qualidades ou seu valor&#8221;. Jer\u00f4nimo \u00e9 o primeiro governador da Bahia em exerc\u00edcio a receber a honraria militar que leva o nome do pai [&hellip;]<\/p>\n","protected":false},"author":2,"featured_media":3445,"comment_status":"open","ping_status":"open","sticky":false,"template":"","format":"standard","meta":{"footnotes":""},"categories":[91],"tags":[],"class_list":["post-3444","post","type-post","status-publish","format-standard","has-post-thumbnail","hentry","category-politica"],"_links":{"self":[{"href":"https:\/\/salvadoracontece.com.br\/index.php\/wp-json\/wp\/v2\/posts\/3444","targetHints":{"allow":["GET"]}}],"collection":[{"href":"https:\/\/salvadoracontece.com.br\/index.php\/wp-json\/wp\/v2\/posts"}],"about":[{"href":"https:\/\/salvadoracontece.com.br\/index.php\/wp-json\/wp\/v2\/types\/post"}],"author":[{"embeddable":true,"href":"https:\/\/salvadoracontece.com.br\/index.php\/wp-json\/wp\/v2\/users\/2"}],"replies":[{"embeddable":true,"href":"https:\/\/salvadoracontece.com.br\/index.php\/wp-json\/wp\/v2\/comments?post=3444"}],"version-history":[{"count":1,"href":"https:\/\/salvadoracontece.com.br\/index.php\/wp-json\/wp\/v2\/posts\/3444\/revisions"}],"predecessor-version":[{"id":3446,"href":"https:\/\/salvadoracontece.com.br\/index.php\/wp-json\/wp\/v2\/posts\/3444\/revisions\/3446"}],"wp:featuredmedia":[{"embeddable":true,"href":"https:\/\/salvadoracontece.com.br\/index.php\/wp-json\/wp\/v2\/media\/3445"}],"wp:attachment":[{"href":"https:\/\/salvadoracontece.com.br\/index.php\/wp-json\/wp\/v2\/media?parent=3444"}],"wp:term":[{"taxonomy":"category","embeddable":true,"href":"https:\/\/salvadoracontece.com.br\/index.php\/wp-json\/wp\/v2\/categories?post=3444"},{"taxonomy":"post_tag","embeddable":true,"href":"https:\/\/salvadoracontece.com.br\/index.php\/wp-json\/wp\/v2\/tags?post=3444"}],"curies":[{"name":"wp","href":"https:\/\/api.w.org\/{rel}","templated":true}]}}