{"id":4065,"date":"2023-09-12T15:53:17","date_gmt":"2023-09-12T18:53:17","guid":{"rendered":"https:\/\/salvadoracontece.com.br\/?p=4065"},"modified":"2023-09-12T15:53:19","modified_gmt":"2023-09-12T18:53:19","slug":"motorista-perde-controle-de-carreta-e-veiculo-quase-cai-em-ribanceira-na-vila-laura-veja-video","status":"publish","type":"post","link":"https:\/\/salvadoracontece.com.br\/index.php\/2023\/09\/12\/motorista-perde-controle-de-carreta-e-veiculo-quase-cai-em-ribanceira-na-vila-laura-veja-video\/","title":{"rendered":"Motorista perde controle de carreta e ve\u00edculo quase cai em ribanceira na Vila Laura; veja v\u00eddeo"},"content":{"rendered":"\n<p>O motorista de uma carreta perdeu o controle da dire\u00e7\u00e3o, na manh\u00e3 desta ter\u00e7a-feira (12\/9), e o ve\u00edculo acabou descendo, de r\u00e9, uma ladeira no bairro da Vila Laura, em Salvador.<\/p>\n\n\n\n<p>Segundo informa\u00e7\u00f5es da Superintend\u00eancia de Tr\u00e2nsito de Salvador (Transalvador), o acidente aconteceu, por volta das 8h, na Rua Laura Costa e, felizmente, ningu\u00e9m ficou ferido.<\/p>\n\n\n\n<p>Por pouco, o ve\u00edculo n\u00e3o despencou em uma ribanceira. A carreta ficou, apenas, com a cabine na pista e o compartimento de carga pendurado.<\/p>\n\n\n\n<p>Ainda de acordo com a Transalvador, o acidente n\u00e3o causou preju\u00edzos ao tr\u00e2nsito e o reboque do ve\u00edculo dever\u00e1 ser providenciado pelo condutor.<\/p>\n\n\n\n<p>Fonte: Aratu On <\/p>\n","protected":false},"excerpt":{"rendered":"<p>O motorista de uma carreta perdeu o controle da dire\u00e7\u00e3o, na manh\u00e3 desta ter\u00e7a-feira (12\/9), e o ve\u00edculo acabou descendo, de r\u00e9, uma ladeira no bairro da Vila Laura, em Salvador. Segundo informa\u00e7\u00f5es da Superintend\u00eancia de Tr\u00e2nsito de Salvador (Transalvador), o acidente aconteceu, por volta das 8h, na Rua Laura Costa e, felizmente, ningu\u00e9m ficou [&hellip;]<\/p>\n","protected":false},"author":2,"featured_media":4066,"comment_status":"open","ping_status":"open","sticky":false,"template":"","format":"standard","meta":{"footnotes":""},"categories":[85],"tags":[],"class_list":["post-4065","post","type-post","status-publish","format-standard","has-post-thumbnail","hentry","category-noticias"],"_links":{"self":[{"href":"https:\/\/salvadoracontece.com.br\/index.php\/wp-json\/wp\/v2\/posts\/4065","targetHints":{"allow":["GET"]}}],"collection":[{"href":"https:\/\/salvadoracontece.com.br\/index.php\/wp-json\/wp\/v2\/posts"}],"about":[{"href":"https:\/\/salvadoracontece.com.br\/index.php\/wp-json\/wp\/v2\/types\/post"}],"author":[{"embeddable":true,"href":"https:\/\/salvadoracontece.com.br\/index.php\/wp-json\/wp\/v2\/users\/2"}],"replies":[{"embeddable":true,"href":"https:\/\/salvadoracontece.com.br\/index.php\/wp-json\/wp\/v2\/comments?post=4065"}],"version-history":[{"count":1,"href":"https:\/\/salvadoracontece.com.br\/index.php\/wp-json\/wp\/v2\/posts\/4065\/revisions"}],"predecessor-version":[{"id":4067,"href":"https:\/\/salvadoracontece.com.br\/index.php\/wp-json\/wp\/v2\/posts\/4065\/revisions\/4067"}],"wp:featuredmedia":[{"embeddable":true,"href":"https:\/\/salvadoracontece.com.br\/index.php\/wp-json\/wp\/v2\/media\/4066"}],"wp:attachment":[{"href":"https:\/\/salvadoracontece.com.br\/index.php\/wp-json\/wp\/v2\/media?parent=4065"}],"wp:term":[{"taxonomy":"category","embeddable":true,"href":"https:\/\/salvadoracontece.com.br\/index.php\/wp-json\/wp\/v2\/categories?post=4065"},{"taxonomy":"post_tag","embeddable":true,"href":"https:\/\/salvadoracontece.com.br\/index.php\/wp-json\/wp\/v2\/tags?post=4065"}],"curies":[{"name":"wp","href":"https:\/\/api.w.org\/{rel}","templated":true}]}}