{"id":4187,"date":"2023-09-14T15:58:55","date_gmt":"2023-09-14T18:58:55","guid":{"rendered":"https:\/\/salvadoracontece.com.br\/?p=4187"},"modified":"2023-09-14T15:58:57","modified_gmt":"2023-09-14T18:58:57","slug":"padre-e-encontrado-morto-dentro-da-propria-casa-saiba-detalhes","status":"publish","type":"post","link":"https:\/\/salvadoracontece.com.br\/index.php\/2023\/09\/14\/padre-e-encontrado-morto-dentro-da-propria-casa-saiba-detalhes\/","title":{"rendered":"Padre \u00e9 encontrado morto dentro da pr\u00f3pria casa; saiba detalhes"},"content":{"rendered":"\n<p>Um padre foi encontrado morto dentro da pr\u00f3pria casa na tarde da \u00faltima quarta-feira (13)\u00a0na cidade de Lajedo, em Pernambuco. Identificado como Dorgival Nic\u00e1cio de Ara\u00fajo, o religioso era vig\u00e1rio da Par\u00f3quia do Senhor Bom Jesus dos Pobres Aflitos, em S\u00e3o Bento do Una.<\/p>\n\n\n\n<p>De acordo com testemunhas, n\u00e3o era poss\u00edvel manter contato com o padre desde a \u00faltima segunda-feira (11). Por isso, foi necess\u00e1rio entrar na resid\u00eancia pelo telhado da garagem.\u00a0 <\/p>\n\n\n\n<p>No local, o corpo foi encontrado no ch\u00e3o do quarto, sem ferimentos aparentes, de acordo com a pol\u00edcia. &#8220;Um m\u00e9dico pr\u00f3ximo da v\u00edtima que tamb\u00e9m esteve no local, atestou que a causa da morte foi parada cardiorrespirat\u00f3ria&#8221;, disse em nota a Pol\u00edcia Civil.<\/p>\n\n\n\n<p>Fonte: Bnews <\/p>\n","protected":false},"excerpt":{"rendered":"<p>Um padre foi encontrado morto dentro da pr\u00f3pria casa na tarde da \u00faltima quarta-feira (13)\u00a0na cidade de Lajedo, em Pernambuco. Identificado como Dorgival Nic\u00e1cio de Ara\u00fajo, o religioso era vig\u00e1rio da Par\u00f3quia do Senhor Bom Jesus dos Pobres Aflitos, em S\u00e3o Bento do Una. De acordo com testemunhas, n\u00e3o era poss\u00edvel manter contato com o [&hellip;]<\/p>\n","protected":false},"author":2,"featured_media":4188,"comment_status":"open","ping_status":"open","sticky":false,"template":"","format":"standard","meta":{"footnotes":""},"categories":[105],"tags":[],"class_list":["post-4187","post","type-post","status-publish","format-standard","has-post-thumbnail","hentry","category-policia"],"_links":{"self":[{"href":"https:\/\/salvadoracontece.com.br\/index.php\/wp-json\/wp\/v2\/posts\/4187","targetHints":{"allow":["GET"]}}],"collection":[{"href":"https:\/\/salvadoracontece.com.br\/index.php\/wp-json\/wp\/v2\/posts"}],"about":[{"href":"https:\/\/salvadoracontece.com.br\/index.php\/wp-json\/wp\/v2\/types\/post"}],"author":[{"embeddable":true,"href":"https:\/\/salvadoracontece.com.br\/index.php\/wp-json\/wp\/v2\/users\/2"}],"replies":[{"embeddable":true,"href":"https:\/\/salvadoracontece.com.br\/index.php\/wp-json\/wp\/v2\/comments?post=4187"}],"version-history":[{"count":1,"href":"https:\/\/salvadoracontece.com.br\/index.php\/wp-json\/wp\/v2\/posts\/4187\/revisions"}],"predecessor-version":[{"id":4189,"href":"https:\/\/salvadoracontece.com.br\/index.php\/wp-json\/wp\/v2\/posts\/4187\/revisions\/4189"}],"wp:featuredmedia":[{"embeddable":true,"href":"https:\/\/salvadoracontece.com.br\/index.php\/wp-json\/wp\/v2\/media\/4188"}],"wp:attachment":[{"href":"https:\/\/salvadoracontece.com.br\/index.php\/wp-json\/wp\/v2\/media?parent=4187"}],"wp:term":[{"taxonomy":"category","embeddable":true,"href":"https:\/\/salvadoracontece.com.br\/index.php\/wp-json\/wp\/v2\/categories?post=4187"},{"taxonomy":"post_tag","embeddable":true,"href":"https:\/\/salvadoracontece.com.br\/index.php\/wp-json\/wp\/v2\/tags?post=4187"}],"curies":[{"name":"wp","href":"https:\/\/api.w.org\/{rel}","templated":true}]}}