{"id":4231,"date":"2023-09-15T11:48:08","date_gmt":"2023-09-15T14:48:08","guid":{"rendered":"https:\/\/salvadoracontece.com.br\/?p=4231"},"modified":"2023-09-15T11:48:10","modified_gmt":"2023-09-15T14:48:10","slug":"viana-confirma-apoio-da-bancada-do-psdb-na-camara-a-reconducao-de-leite-na-presidencia-da-sigla","status":"publish","type":"post","link":"https:\/\/salvadoracontece.com.br\/index.php\/2023\/09\/15\/viana-confirma-apoio-da-bancada-do-psdb-na-camara-a-reconducao-de-leite-na-presidencia-da-sigla\/","title":{"rendered":"Viana confirma apoio da bancada do PSDB na C\u00e2mara \u00e0 recondu\u00e7\u00e3o de Leite na presid\u00eancia da sigla"},"content":{"rendered":"\n<p>O deputado federal e l\u00edder da Federa\u00e7\u00e3o PSDB\/Cidadania na C\u00e2mara dos Deputados, Adolfo Viana, cravou nesta sexta-feira (15) o apoio da bancada federal do partido \u00e0 recondu\u00e7\u00e3o do governador do Rio Grande do Sul, Eduardo Leite, \u00e0 presid\u00eancia nacional da legenda.&nbsp;<\/p>\n\n\n\n<p>Segundo o parlamentar, a recondu\u00e7\u00e3o de Leite deve acontecer ap\u00f3s as conven\u00e7\u00f5es que a sigla deve realizar.&nbsp;<\/p>\n\n\n\n<p>\u201cFomos surpreendidos com essa decis\u00e3o. Todos n\u00f3s, deputados federais do PSDB, assinamos um documento dando total apoio a Eduardo Leite. Vamos fazer as conven\u00e7\u00f5es e reconduzir Eduardo Leite \u00e0 presid\u00eancia do partido\u201d, disse Viana.<\/p>\n\n\n\n<p>Fonte: Bahia Not\u00edcias <\/p>\n","protected":false},"excerpt":{"rendered":"<p>O deputado federal e l\u00edder da Federa\u00e7\u00e3o PSDB\/Cidadania na C\u00e2mara dos Deputados, Adolfo Viana, cravou nesta sexta-feira (15) o apoio da bancada federal do partido \u00e0 recondu\u00e7\u00e3o do governador do Rio Grande do Sul, Eduardo Leite, \u00e0 presid\u00eancia nacional da legenda.&nbsp; Segundo o parlamentar, a recondu\u00e7\u00e3o de Leite deve acontecer ap\u00f3s as conven\u00e7\u00f5es que a [&hellip;]<\/p>\n","protected":false},"author":2,"featured_media":4232,"comment_status":"open","ping_status":"open","sticky":false,"template":"","format":"standard","meta":{"footnotes":""},"categories":[91],"tags":[],"class_list":["post-4231","post","type-post","status-publish","format-standard","has-post-thumbnail","hentry","category-politica"],"_links":{"self":[{"href":"https:\/\/salvadoracontece.com.br\/index.php\/wp-json\/wp\/v2\/posts\/4231","targetHints":{"allow":["GET"]}}],"collection":[{"href":"https:\/\/salvadoracontece.com.br\/index.php\/wp-json\/wp\/v2\/posts"}],"about":[{"href":"https:\/\/salvadoracontece.com.br\/index.php\/wp-json\/wp\/v2\/types\/post"}],"author":[{"embeddable":true,"href":"https:\/\/salvadoracontece.com.br\/index.php\/wp-json\/wp\/v2\/users\/2"}],"replies":[{"embeddable":true,"href":"https:\/\/salvadoracontece.com.br\/index.php\/wp-json\/wp\/v2\/comments?post=4231"}],"version-history":[{"count":1,"href":"https:\/\/salvadoracontece.com.br\/index.php\/wp-json\/wp\/v2\/posts\/4231\/revisions"}],"predecessor-version":[{"id":4233,"href":"https:\/\/salvadoracontece.com.br\/index.php\/wp-json\/wp\/v2\/posts\/4231\/revisions\/4233"}],"wp:featuredmedia":[{"embeddable":true,"href":"https:\/\/salvadoracontece.com.br\/index.php\/wp-json\/wp\/v2\/media\/4232"}],"wp:attachment":[{"href":"https:\/\/salvadoracontece.com.br\/index.php\/wp-json\/wp\/v2\/media?parent=4231"}],"wp:term":[{"taxonomy":"category","embeddable":true,"href":"https:\/\/salvadoracontece.com.br\/index.php\/wp-json\/wp\/v2\/categories?post=4231"},{"taxonomy":"post_tag","embeddable":true,"href":"https:\/\/salvadoracontece.com.br\/index.php\/wp-json\/wp\/v2\/tags?post=4231"}],"curies":[{"name":"wp","href":"https:\/\/api.w.org\/{rel}","templated":true}]}}