{"id":4234,"date":"2023-09-15T12:48:51","date_gmt":"2023-09-15T15:48:51","guid":{"rendered":"https:\/\/salvadoracontece.com.br\/?p=4234"},"modified":"2023-09-15T12:48:53","modified_gmt":"2023-09-15T15:48:53","slug":"audiencia-publica-discute-volta-da-torcida-mista-nos-classicos-entre-bahia-e-vitoria","status":"publish","type":"post","link":"https:\/\/salvadoracontece.com.br\/index.php\/2023\/09\/15\/audiencia-publica-discute-volta-da-torcida-mista-nos-classicos-entre-bahia-e-vitoria\/","title":{"rendered":"Audi\u00eancia p\u00fablica discute volta da torcida mista nos cl\u00e1ssicos entre Bahia e Vit\u00f3ria"},"content":{"rendered":"\n<p>A volta da presen\u00e7a das duas torcidas nas arquibancadas no cl\u00e1ssico Ba-Vi foi discutida em audi\u00eancia p\u00fablica na \u00faltima quarta-feira (13), na Assembleia Legislativa da Bahia. O debate, promovido pelo Deputado Estadual Bob\u00f4, contou com a presen\u00e7a dos clubes, Federa\u00e7\u00e3o Bahiana de Futebol (FBF), Pol\u00edcia Militar e demais \u00f3rg\u00e3os.\u00a0<\/p>\n\n\n\n<p>&#8220;Parabenizo o Deputado Estadual Bob\u00f4 pela iniciativa de realizar essa Audi\u00eancia P\u00fablica. Foi muito importante para as discuss\u00f5es sobre a volta da torcida mista. Todos n\u00f3s crescemos e nos acostumamos a ver est\u00e1dios cheios, com festas das duas torcidas, alegria, confraterniza\u00e7\u00e3o. O futebol \u00e9 isso, \u00e9 uni\u00e3o, celebra\u00e7\u00e3o. A presen\u00e7a de torcidas de Bahia e Vit\u00f3ria em um Ba-Vi engrandece o cl\u00e1ssico, fortalece os clubes e o futebol baiano. Mas, todos sabemos que isso exige uma colabora\u00e7\u00e3o de todos, principalmente dos torcedores, para que epis\u00f3dios de viol\u00eancia n\u00e3o manchem nosso esporte. Futebol n\u00e3o combina com viol\u00eancia. A FBF est\u00e1 \u00e0 disposi\u00e7\u00e3o das autoridades para colaborar com o que for preciso na busca pelo entendimento que nos permita voltar a ir a um est\u00e1dio, assistir a um jogo ao lado de um amigo ou um parente que tor\u00e7a para um clube que n\u00e3o seja o mesmo que o meu. Mas precisamos levar em considera\u00e7\u00e3o alguns fatores, como o alinhamento com a Pol\u00edcia Militar e o Minist\u00e9rio P\u00fablico, o que \u00e9 imprescind\u00edvel. Eles t\u00eam a expertise, sabem o que \u00e9 melhor para nossa seguran\u00e7a e como devemos retornar. N\u00e3o devemos ter pressa, pois estamos tratando de vidas&#8221;, disse Ricardo Lima, presidente da FBF.<\/p>\n\n\n\n<p>Desde 2018 n\u00e3o h\u00e1 um cl\u00e1ssico Ba-Vi com torcidas de Bahia e Vit\u00f3ria juntas no estado. Rubro-Negro e tricolores s\u00f3 podem comparecer aos cl\u00e1ssicos com mandos de campo dos seus times.<\/p>\n\n\n\n<p>Fonte: Bahia Not\u00edcias <\/p>\n","protected":false},"excerpt":{"rendered":"<p>A volta da presen\u00e7a das duas torcidas nas arquibancadas no cl\u00e1ssico Ba-Vi foi discutida em audi\u00eancia p\u00fablica na \u00faltima quarta-feira (13), na Assembleia Legislativa da Bahia. O debate, promovido pelo Deputado Estadual Bob\u00f4, contou com a presen\u00e7a dos clubes, Federa\u00e7\u00e3o Bahiana de Futebol (FBF), Pol\u00edcia Militar e demais \u00f3rg\u00e3os.\u00a0 &#8220;Parabenizo o Deputado Estadual Bob\u00f4 pela [&hellip;]<\/p>\n","protected":false},"author":2,"featured_media":4235,"comment_status":"open","ping_status":"open","sticky":false,"template":"","format":"standard","meta":{"footnotes":""},"categories":[89],"tags":[],"class_list":["post-4234","post","type-post","status-publish","format-standard","has-post-thumbnail","hentry","category-esportes"],"_links":{"self":[{"href":"https:\/\/salvadoracontece.com.br\/index.php\/wp-json\/wp\/v2\/posts\/4234","targetHints":{"allow":["GET"]}}],"collection":[{"href":"https:\/\/salvadoracontece.com.br\/index.php\/wp-json\/wp\/v2\/posts"}],"about":[{"href":"https:\/\/salvadoracontece.com.br\/index.php\/wp-json\/wp\/v2\/types\/post"}],"author":[{"embeddable":true,"href":"https:\/\/salvadoracontece.com.br\/index.php\/wp-json\/wp\/v2\/users\/2"}],"replies":[{"embeddable":true,"href":"https:\/\/salvadoracontece.com.br\/index.php\/wp-json\/wp\/v2\/comments?post=4234"}],"version-history":[{"count":1,"href":"https:\/\/salvadoracontece.com.br\/index.php\/wp-json\/wp\/v2\/posts\/4234\/revisions"}],"predecessor-version":[{"id":4236,"href":"https:\/\/salvadoracontece.com.br\/index.php\/wp-json\/wp\/v2\/posts\/4234\/revisions\/4236"}],"wp:featuredmedia":[{"embeddable":true,"href":"https:\/\/salvadoracontece.com.br\/index.php\/wp-json\/wp\/v2\/media\/4235"}],"wp:attachment":[{"href":"https:\/\/salvadoracontece.com.br\/index.php\/wp-json\/wp\/v2\/media?parent=4234"}],"wp:term":[{"taxonomy":"category","embeddable":true,"href":"https:\/\/salvadoracontece.com.br\/index.php\/wp-json\/wp\/v2\/categories?post=4234"},{"taxonomy":"post_tag","embeddable":true,"href":"https:\/\/salvadoracontece.com.br\/index.php\/wp-json\/wp\/v2\/tags?post=4234"}],"curies":[{"name":"wp","href":"https:\/\/api.w.org\/{rel}","templated":true}]}}