{"id":4242,"date":"2023-09-19T11:05:49","date_gmt":"2023-09-19T14:05:49","guid":{"rendered":"https:\/\/salvadoracontece.com.br\/?p=4242"},"modified":"2023-09-19T11:05:51","modified_gmt":"2023-09-19T14:05:51","slug":"onibus-voltam-a-circular-e-aulas-sao-retomadas-no-bairro-de-valeria","status":"publish","type":"post","link":"https:\/\/salvadoracontece.com.br\/index.php\/2023\/09\/19\/onibus-voltam-a-circular-e-aulas-sao-retomadas-no-bairro-de-valeria\/","title":{"rendered":"\u00d4nibus voltam a circular e aulas s\u00e3o retomadas no bairro de Val\u00e9ria"},"content":{"rendered":"\n<p>Os \u00f4nibus do bairro de Val\u00e9ria voltaram a circular normalmente na manh\u00e3 desta ter\u00e7a-feira (19). Por conta dos confrontos entre policiais e fac\u00e7\u00f5es criminosas, v\u00e1rios servi\u00e7os foram alterados no local. Os coletivos n\u00e3o estavam circulando na regi\u00e3o desde sexta-feira (15).<\/p>\n\n\n\n<p>As escolas municipais e estaduais tamb\u00e9m retomaram as aulas nesta ter\u00e7a. Pais e alunos est\u00e3o comparecendo tamb\u00e9m para a retirada do Bolsa Presen\u00e7a, benef\u00edcio que concede R$150 por m\u00eas para os alunos da rede estadual.<\/p>\n\n\n\n<p>Fonte: Varela Net <\/p>\n","protected":false},"excerpt":{"rendered":"<p>Os \u00f4nibus do bairro de Val\u00e9ria voltaram a circular normalmente na manh\u00e3 desta ter\u00e7a-feira (19). Por conta dos confrontos entre policiais e fac\u00e7\u00f5es criminosas, v\u00e1rios servi\u00e7os foram alterados no local. Os coletivos n\u00e3o estavam circulando na regi\u00e3o desde sexta-feira (15). As escolas municipais e estaduais tamb\u00e9m retomaram as aulas nesta ter\u00e7a. Pais e alunos est\u00e3o [&hellip;]<\/p>\n","protected":false},"author":2,"featured_media":4243,"comment_status":"open","ping_status":"open","sticky":false,"template":"","format":"standard","meta":{"footnotes":""},"categories":[85],"tags":[],"class_list":["post-4242","post","type-post","status-publish","format-standard","has-post-thumbnail","hentry","category-noticias"],"_links":{"self":[{"href":"https:\/\/salvadoracontece.com.br\/index.php\/wp-json\/wp\/v2\/posts\/4242","targetHints":{"allow":["GET"]}}],"collection":[{"href":"https:\/\/salvadoracontece.com.br\/index.php\/wp-json\/wp\/v2\/posts"}],"about":[{"href":"https:\/\/salvadoracontece.com.br\/index.php\/wp-json\/wp\/v2\/types\/post"}],"author":[{"embeddable":true,"href":"https:\/\/salvadoracontece.com.br\/index.php\/wp-json\/wp\/v2\/users\/2"}],"replies":[{"embeddable":true,"href":"https:\/\/salvadoracontece.com.br\/index.php\/wp-json\/wp\/v2\/comments?post=4242"}],"version-history":[{"count":1,"href":"https:\/\/salvadoracontece.com.br\/index.php\/wp-json\/wp\/v2\/posts\/4242\/revisions"}],"predecessor-version":[{"id":4244,"href":"https:\/\/salvadoracontece.com.br\/index.php\/wp-json\/wp\/v2\/posts\/4242\/revisions\/4244"}],"wp:featuredmedia":[{"embeddable":true,"href":"https:\/\/salvadoracontece.com.br\/index.php\/wp-json\/wp\/v2\/media\/4243"}],"wp:attachment":[{"href":"https:\/\/salvadoracontece.com.br\/index.php\/wp-json\/wp\/v2\/media?parent=4242"}],"wp:term":[{"taxonomy":"category","embeddable":true,"href":"https:\/\/salvadoracontece.com.br\/index.php\/wp-json\/wp\/v2\/categories?post=4242"},{"taxonomy":"post_tag","embeddable":true,"href":"https:\/\/salvadoracontece.com.br\/index.php\/wp-json\/wp\/v2\/tags?post=4242"}],"curies":[{"name":"wp","href":"https:\/\/api.w.org\/{rel}","templated":true}]}}