{"id":4245,"date":"2023-09-19T11:07:37","date_gmt":"2023-09-19T14:07:37","guid":{"rendered":"https:\/\/salvadoracontece.com.br\/?p=4245"},"modified":"2023-09-19T11:07:39","modified_gmt":"2023-09-19T14:07:39","slug":"prefeitura-inaugura-maior-terminal-de-eletrocarga-em-area-publica-do-brasil","status":"publish","type":"post","link":"https:\/\/salvadoracontece.com.br\/index.php\/2023\/09\/19\/prefeitura-inaugura-maior-terminal-de-eletrocarga-em-area-publica-do-brasil\/","title":{"rendered":"Prefeitura inaugura maior terminal de eletrocarga em \u00e1rea p\u00fablica do Brasil"},"content":{"rendered":"\n<p>A Prefeitura de Salvador, inaugurou na manh\u00e3 desta segunda-feira (18), o maior terminal de eletrocarga em \u00e1rea p\u00fablica do Brasil, o terminal fica localizado ao lado da Esta\u00e7\u00e3o Rodovi\u00e1ria do BRT, e tem uso exclusivo dos \u00f4nibus el\u00e9tricos no modal.&nbsp;<\/p>\n\n\n\n<p>O terminal foi inaugurado pelo prefeito Bruno Reis, juntamente com o secret\u00e1rio de Mobilidade (Semob), Fabrizzio Muller, com capacidade de carregar at\u00e9 20 \u00f4nibus simultaneamente. A obra foi realizada com recursos do munic\u00edpio e teve um investimento de aproximadamente R$4 milh\u00f5es.&nbsp;<\/p>\n\n\n\n<p>A nova estrutura conta com 10 esta\u00e7\u00f5es e tem capacidade de atender dois onibus cada, os pontos podem chegar \u00e0 pot\u00eancia de 160 kW\/h cada, podendo concluir abastecimento completo de um ve\u00edculo em at\u00e9 duas horas. O terminal que fica localizado em uma das esta\u00e7\u00f5es mais estrat\u00e9gicas do BRT, vai garantir que os \u00f4nibus el\u00e9tricos que compoem o modal de Salvador, sejam recarregados com facilidade.<\/p>\n\n\n\n<p>Bruno Reis falou sobre o destaque que Salvador ter\u00e1 com o pioneirismo dessa obra, que \u00e9 considerada essencial na mudan\u00e7a da matriz energ\u00e9tica dos \u00f4nibus no pa\u00eds.<\/p>\n\n\n\n<p><em>\u201cO transporte p\u00fablico sobre rodas no Brasil enfrenta hoje a maior crise da sua hist\u00f3ria. Com a escalada dos pre\u00e7os dos combust\u00edveis nos \u00faltimos anos, a coisa comum \u00e9 a gente ver empresas da \u00e1rea fechando as portas nas grandes cidades. Sem d\u00favidas, se a presta\u00e7\u00e3o desse servi\u00e7o n\u00e3o trouxer inova\u00e7\u00e3o, n\u00e3o investir em tecnologia, ela n\u00e3o vai se sustentar\u201d<\/em>, disse o prefeito.<\/p>\n\n\n\n<p>Fonte: Varela Net <\/p>\n","protected":false},"excerpt":{"rendered":"<p>A Prefeitura de Salvador, inaugurou na manh\u00e3 desta segunda-feira (18), o maior terminal de eletrocarga em \u00e1rea p\u00fablica do Brasil, o terminal fica localizado ao lado da Esta\u00e7\u00e3o Rodovi\u00e1ria do BRT, e tem uso exclusivo dos \u00f4nibus el\u00e9tricos no modal.&nbsp; O terminal foi inaugurado pelo prefeito Bruno Reis, juntamente com o secret\u00e1rio de Mobilidade (Semob), [&hellip;]<\/p>\n","protected":false},"author":2,"featured_media":4246,"comment_status":"open","ping_status":"open","sticky":false,"template":"","format":"standard","meta":{"footnotes":""},"categories":[85],"tags":[],"class_list":["post-4245","post","type-post","status-publish","format-standard","has-post-thumbnail","hentry","category-noticias"],"_links":{"self":[{"href":"https:\/\/salvadoracontece.com.br\/index.php\/wp-json\/wp\/v2\/posts\/4245","targetHints":{"allow":["GET"]}}],"collection":[{"href":"https:\/\/salvadoracontece.com.br\/index.php\/wp-json\/wp\/v2\/posts"}],"about":[{"href":"https:\/\/salvadoracontece.com.br\/index.php\/wp-json\/wp\/v2\/types\/post"}],"author":[{"embeddable":true,"href":"https:\/\/salvadoracontece.com.br\/index.php\/wp-json\/wp\/v2\/users\/2"}],"replies":[{"embeddable":true,"href":"https:\/\/salvadoracontece.com.br\/index.php\/wp-json\/wp\/v2\/comments?post=4245"}],"version-history":[{"count":1,"href":"https:\/\/salvadoracontece.com.br\/index.php\/wp-json\/wp\/v2\/posts\/4245\/revisions"}],"predecessor-version":[{"id":4247,"href":"https:\/\/salvadoracontece.com.br\/index.php\/wp-json\/wp\/v2\/posts\/4245\/revisions\/4247"}],"wp:featuredmedia":[{"embeddable":true,"href":"https:\/\/salvadoracontece.com.br\/index.php\/wp-json\/wp\/v2\/media\/4246"}],"wp:attachment":[{"href":"https:\/\/salvadoracontece.com.br\/index.php\/wp-json\/wp\/v2\/media?parent=4245"}],"wp:term":[{"taxonomy":"category","embeddable":true,"href":"https:\/\/salvadoracontece.com.br\/index.php\/wp-json\/wp\/v2\/categories?post=4245"},{"taxonomy":"post_tag","embeddable":true,"href":"https:\/\/salvadoracontece.com.br\/index.php\/wp-json\/wp\/v2\/tags?post=4245"}],"curies":[{"name":"wp","href":"https:\/\/api.w.org\/{rel}","templated":true}]}}