{"id":4248,"date":"2023-09-19T11:14:40","date_gmt":"2023-09-19T14:14:40","guid":{"rendered":"https:\/\/salvadoracontece.com.br\/?p=4248"},"modified":"2023-09-19T11:14:42","modified_gmt":"2023-09-19T14:14:42","slug":"bruno-reis-comenta-sobre-ajuste-de-tarifas-de-onibus","status":"publish","type":"post","link":"https:\/\/salvadoracontece.com.br\/index.php\/2023\/09\/19\/bruno-reis-comenta-sobre-ajuste-de-tarifas-de-onibus\/","title":{"rendered":"Bruno Reis comenta sobre ajuste de tarifas de \u00f4nibus"},"content":{"rendered":"\n<p>Nesta segunda-feira(18), o prefeito Bruno Reis, comentou sobre o reajuste da tarifa de \u00f4nibus em Salvador. Segundo ele, ainda n\u00e3o h\u00e1 previs\u00e3o de um aumento no pre\u00e7o das passagens, confira:<\/p>\n\n\n\n<p>\u201cAinda n\u00e3o h\u00e1 previs\u00e3o para a revis\u00e3o da tarifa de \u00f4nibus. N\u00f3s seguimos discutindo essa revis\u00e3o e precisamos avaliar como ser\u00e1 a parte de isen\u00e7\u00e3o de tributos, assim como o subs\u00eddio federal, concedido em 2022, que possa voltar e acontecer de forma permanente\u201d, disse. Ele ainda frisou que a prefeitura vai ter que arcar com um peda\u00e7o dessa despesa para que este servi\u00e7o, considerado essencial, possa ser mantido na cidade. \u201cN\u00f3s temos a tarifa p\u00fablica, a que \u00e9 praticada no dia a dia e a tarifa t\u00e9cnica (que \u00e9 a real), onde a prefeitura precisa assumir uma parte dessa tarifa\u201d, disse, Bruno Reis.<\/p>\n\n\n\n<p>O prefeito salientou que n\u00e3o h\u00e1 valores definidos a respeito da tarifa dos \u00f4nibus coletivos, mas explicou que o assunto precisa de uma aprova\u00e7\u00e3o legislativa.<\/p>\n\n\n\n<p>Fonte: Varela Net <\/p>\n","protected":false},"excerpt":{"rendered":"<p>Nesta segunda-feira(18), o prefeito Bruno Reis, comentou sobre o reajuste da tarifa de \u00f4nibus em Salvador. Segundo ele, ainda n\u00e3o h\u00e1 previs\u00e3o de um aumento no pre\u00e7o das passagens, confira: \u201cAinda n\u00e3o h\u00e1 previs\u00e3o para a revis\u00e3o da tarifa de \u00f4nibus. N\u00f3s seguimos discutindo essa revis\u00e3o e precisamos avaliar como ser\u00e1 a parte de isen\u00e7\u00e3o [&hellip;]<\/p>\n","protected":false},"author":2,"featured_media":4249,"comment_status":"open","ping_status":"open","sticky":false,"template":"","format":"standard","meta":{"footnotes":""},"categories":[91],"tags":[],"class_list":["post-4248","post","type-post","status-publish","format-standard","has-post-thumbnail","hentry","category-politica"],"_links":{"self":[{"href":"https:\/\/salvadoracontece.com.br\/index.php\/wp-json\/wp\/v2\/posts\/4248","targetHints":{"allow":["GET"]}}],"collection":[{"href":"https:\/\/salvadoracontece.com.br\/index.php\/wp-json\/wp\/v2\/posts"}],"about":[{"href":"https:\/\/salvadoracontece.com.br\/index.php\/wp-json\/wp\/v2\/types\/post"}],"author":[{"embeddable":true,"href":"https:\/\/salvadoracontece.com.br\/index.php\/wp-json\/wp\/v2\/users\/2"}],"replies":[{"embeddable":true,"href":"https:\/\/salvadoracontece.com.br\/index.php\/wp-json\/wp\/v2\/comments?post=4248"}],"version-history":[{"count":1,"href":"https:\/\/salvadoracontece.com.br\/index.php\/wp-json\/wp\/v2\/posts\/4248\/revisions"}],"predecessor-version":[{"id":4250,"href":"https:\/\/salvadoracontece.com.br\/index.php\/wp-json\/wp\/v2\/posts\/4248\/revisions\/4250"}],"wp:featuredmedia":[{"embeddable":true,"href":"https:\/\/salvadoracontece.com.br\/index.php\/wp-json\/wp\/v2\/media\/4249"}],"wp:attachment":[{"href":"https:\/\/salvadoracontece.com.br\/index.php\/wp-json\/wp\/v2\/media?parent=4248"}],"wp:term":[{"taxonomy":"category","embeddable":true,"href":"https:\/\/salvadoracontece.com.br\/index.php\/wp-json\/wp\/v2\/categories?post=4248"},{"taxonomy":"post_tag","embeddable":true,"href":"https:\/\/salvadoracontece.com.br\/index.php\/wp-json\/wp\/v2\/tags?post=4248"}],"curies":[{"name":"wp","href":"https:\/\/api.w.org\/{rel}","templated":true}]}}