{"id":4251,"date":"2023-09-19T12:46:42","date_gmt":"2023-09-19T15:46:42","guid":{"rendered":"https:\/\/salvadoracontece.com.br\/?p=4251"},"modified":"2023-09-19T12:46:44","modified_gmt":"2023-09-19T15:46:44","slug":"morre-rafael-puglisi-o-dentista-dos-famosos-apos-acidente-domestico","status":"publish","type":"post","link":"https:\/\/salvadoracontece.com.br\/index.php\/2023\/09\/19\/morre-rafael-puglisi-o-dentista-dos-famosos-apos-acidente-domestico\/","title":{"rendered":"Morre Rafael Puglisi, o dentista dos famosos, ap\u00f3s acidente dom\u00e9stico"},"content":{"rendered":"\n<p>O doutor Rafael Puglisi, conhecido como \u2018o dentista dos famosos\u2019, morreu nesta segunda-feira (18) ap\u00f3s um acidente dom\u00e9stico grave. Segundo os familiares dele, que deram a tr\u00e1gica not\u00edcia nas redes sociais, Rafael bateu a cabe\u00e7a enquanto pulava na piscina, chegou a ser levado para uma unidade m\u00e9dica, mas n\u00e3o resistiu. Ele tinha apenas 35 anos<\/p>\n\n\n\n<p>\u201cHoje pela manh\u00e3, Rafa foi fazer sua nata\u00e7\u00e3o matinal, como de costume, estava em casa se preparando para entrar na sua piscina e mergulhar de ponta, como faz todos os dias! Por\u00e9m hoje, Deus quis que esse mergulho fosse diferente e Rafa acabou batendo a cabe\u00e7a\u201d, disseram em nota.<\/p>\n\n\n\n<p>O dentista era respons\u00e1vel pelos sorrisos dos maiores artistas do Brasil, como o do humorista Whindersson Nunes, da ex-BBB Juliette Freire, da atriz Larissa Manoela, do apresentador Rodrigo Faro, da cantora Gabi Martins, do jogador Neymar, da influencer Jade Picon, entre outros.<\/p>\n\n\n\n<p>Alguns desses famosos lamentaram o falecimento de Rafael Puglisi. \u201cEu n\u00e3o acredito! Descanse em paz, Rafa\u201d, escreveu Gabi Martins na publica\u00e7\u00e3o.<\/p>\n\n\n\n<p>\u201cMeu Deus. Acabei de saber. N\u00e3o acredito. Nem sei o que dizer nesse momento t\u00e3o dif\u00edcil. Rafa, que Deus te receba de bra\u00e7os abertos. Meus sentimentos a todos os familiares e amigos\u201d, falou a apresentadora Daniela Albuquerque.<\/p>\n\n\n\n<p>O vel\u00f3rio e sepultamento do dentista ser\u00e3o privados, apenas para familiares e amigos pr\u00f3ximos. A data, local e hor\u00e1rio n\u00e3o foram divulgados.<\/p>\n\n\n\n<p>Fonte: ATarde <\/p>\n","protected":false},"excerpt":{"rendered":"<p>O doutor Rafael Puglisi, conhecido como \u2018o dentista dos famosos\u2019, morreu nesta segunda-feira (18) ap\u00f3s um acidente dom\u00e9stico grave. Segundo os familiares dele, que deram a tr\u00e1gica not\u00edcia nas redes sociais, Rafael bateu a cabe\u00e7a enquanto pulava na piscina, chegou a ser levado para uma unidade m\u00e9dica, mas n\u00e3o resistiu. Ele tinha apenas 35 anos [&hellip;]<\/p>\n","protected":false},"author":2,"featured_media":4252,"comment_status":"open","ping_status":"open","sticky":false,"template":"","format":"standard","meta":{"footnotes":""},"categories":[85],"tags":[],"class_list":["post-4251","post","type-post","status-publish","format-standard","has-post-thumbnail","hentry","category-noticias"],"_links":{"self":[{"href":"https:\/\/salvadoracontece.com.br\/index.php\/wp-json\/wp\/v2\/posts\/4251","targetHints":{"allow":["GET"]}}],"collection":[{"href":"https:\/\/salvadoracontece.com.br\/index.php\/wp-json\/wp\/v2\/posts"}],"about":[{"href":"https:\/\/salvadoracontece.com.br\/index.php\/wp-json\/wp\/v2\/types\/post"}],"author":[{"embeddable":true,"href":"https:\/\/salvadoracontece.com.br\/index.php\/wp-json\/wp\/v2\/users\/2"}],"replies":[{"embeddable":true,"href":"https:\/\/salvadoracontece.com.br\/index.php\/wp-json\/wp\/v2\/comments?post=4251"}],"version-history":[{"count":1,"href":"https:\/\/salvadoracontece.com.br\/index.php\/wp-json\/wp\/v2\/posts\/4251\/revisions"}],"predecessor-version":[{"id":4253,"href":"https:\/\/salvadoracontece.com.br\/index.php\/wp-json\/wp\/v2\/posts\/4251\/revisions\/4253"}],"wp:featuredmedia":[{"embeddable":true,"href":"https:\/\/salvadoracontece.com.br\/index.php\/wp-json\/wp\/v2\/media\/4252"}],"wp:attachment":[{"href":"https:\/\/salvadoracontece.com.br\/index.php\/wp-json\/wp\/v2\/media?parent=4251"}],"wp:term":[{"taxonomy":"category","embeddable":true,"href":"https:\/\/salvadoracontece.com.br\/index.php\/wp-json\/wp\/v2\/categories?post=4251"},{"taxonomy":"post_tag","embeddable":true,"href":"https:\/\/salvadoracontece.com.br\/index.php\/wp-json\/wp\/v2\/tags?post=4251"}],"curies":[{"name":"wp","href":"https:\/\/api.w.org\/{rel}","templated":true}]}}