{"id":4254,"date":"2023-09-19T14:02:24","date_gmt":"2023-09-19T17:02:24","guid":{"rendered":"https:\/\/salvadoracontece.com.br\/?p=4254"},"modified":"2023-09-19T14:02:26","modified_gmt":"2023-09-19T17:02:26","slug":"atividade-economica-no-brasil-tem-alta-de-044-em-julho","status":"publish","type":"post","link":"https:\/\/salvadoracontece.com.br\/index.php\/2023\/09\/19\/atividade-economica-no-brasil-tem-alta-de-044-em-julho\/","title":{"rendered":"Atividade econ\u00f4mica no Brasil tem alta de 0,44% em julho"},"content":{"rendered":"\n<p>A atividade econ\u00f4mica brasileira subiu em 0,44% durante julho de 2023, segundo dados divulgados nesta ter\u00e7a-feira (19) pelo Banco Central (BC). O \u00cdndice de Atividade Econ\u00f4mica do Banco Central (IBC-Br)&nbsp; \u00e9 comparado ao m\u00eas anterior, seguindo dados dessazonalizados (ajustados para o per\u00edodo).<img decoding=\"async\" src=\"https:\/\/lh3.googleusercontent.com\/lHlD1Tly3-lzqfrPETAhT6bkwpfVGU0soEr4tKfC_LkmLQT81qaUL_Ye36gg2R7YYM9P1PhbCplpuyK9iOiuKc2VrLdDfx5pDuOKStbt5eFjBsKdbRoHBChbU7SuI36JZHIJlWcFjKJxYhBZoMm-Be4\"><img decoding=\"async\" src=\"https:\/\/lh6.googleusercontent.com\/EtRJgnTpgYrBox642pKuq7BzNry5fP9w7reefMqll3hmszLE3-tJdC5fJdx_r9oWmjlrQoAWvn8VA7jPncCF5JenwFqH03_7h6NgGkwdU6pqK-u5zMRbhuLg3-MKVJoncTyoq9_XGFOXpPneVidy6sw\"><\/p>\n\n\n\n<p>No m\u00eas de julho, o IBC-Br atingiu 150,94 pontos. Na compara\u00e7\u00e3o com o mesmo m\u00eas de 2022, foi registrado um crescimento de 0,66% (sem ajuste para o per\u00edodo, j\u00e1 que a compara\u00e7\u00e3o \u00e9 entre meses iguais). No acumulado em 12 meses, o indicador tamb\u00e9m ficou positivo em 3,12%.Este foi o segundo m\u00eas seguido de alta no indicador, ap\u00f3s sofrer uma retra\u00e7\u00e3o no m\u00eas de maio.&nbsp;<\/p>\n\n\n\n<p>O IBC-Br \u00e9 a maneira de avaliar a evolu\u00e7\u00e3o da atividade econ\u00f4mica do pa\u00eds e ajuda o BC a tomar decis\u00f5es sobre a taxa b\u00e1sica de juros, a Selic, definida atualmente em 13,25% ao ano.&nbsp;O \u00edndice incorpora informa\u00e7\u00f5es sobre o n\u00edvel de atividade de setores da economia \u2013 ind\u00fastria, com\u00e9rcio e servi\u00e7os e agropecu\u00e1ria \u2013, al\u00e9m do volume de impostos.&nbsp;<\/p>\n\n\n\n<p>J\u00e1 o Produto Interno Bruto (PIB) registra alta de 3,2% no per\u00edodo de 12 meses. No primeiro semestre de 2023, a alta acumulada foi de 3,7%.No ano passado, o PIB do Brasil cresceu 2,9%, totalizando R$ 9,9 trilh\u00f5es.\u00a0<\/p>\n\n\n\n<p>Fonte: Bahia Not\u00edcias<\/p>\n","protected":false},"excerpt":{"rendered":"<p>A atividade econ\u00f4mica brasileira subiu em 0,44% durante julho de 2023, segundo dados divulgados nesta ter\u00e7a-feira (19) pelo Banco Central (BC). O \u00cdndice de Atividade Econ\u00f4mica do Banco Central (IBC-Br)&nbsp; \u00e9 comparado ao m\u00eas anterior, seguindo dados dessazonalizados (ajustados para o per\u00edodo). No m\u00eas de julho, o IBC-Br atingiu 150,94 pontos. Na compara\u00e7\u00e3o com o [&hellip;]<\/p>\n","protected":false},"author":2,"featured_media":4255,"comment_status":"open","ping_status":"open","sticky":false,"template":"","format":"standard","meta":{"footnotes":""},"categories":[92],"tags":[],"class_list":["post-4254","post","type-post","status-publish","format-standard","has-post-thumbnail","hentry","category-economia"],"_links":{"self":[{"href":"https:\/\/salvadoracontece.com.br\/index.php\/wp-json\/wp\/v2\/posts\/4254","targetHints":{"allow":["GET"]}}],"collection":[{"href":"https:\/\/salvadoracontece.com.br\/index.php\/wp-json\/wp\/v2\/posts"}],"about":[{"href":"https:\/\/salvadoracontece.com.br\/index.php\/wp-json\/wp\/v2\/types\/post"}],"author":[{"embeddable":true,"href":"https:\/\/salvadoracontece.com.br\/index.php\/wp-json\/wp\/v2\/users\/2"}],"replies":[{"embeddable":true,"href":"https:\/\/salvadoracontece.com.br\/index.php\/wp-json\/wp\/v2\/comments?post=4254"}],"version-history":[{"count":1,"href":"https:\/\/salvadoracontece.com.br\/index.php\/wp-json\/wp\/v2\/posts\/4254\/revisions"}],"predecessor-version":[{"id":4256,"href":"https:\/\/salvadoracontece.com.br\/index.php\/wp-json\/wp\/v2\/posts\/4254\/revisions\/4256"}],"wp:featuredmedia":[{"embeddable":true,"href":"https:\/\/salvadoracontece.com.br\/index.php\/wp-json\/wp\/v2\/media\/4255"}],"wp:attachment":[{"href":"https:\/\/salvadoracontece.com.br\/index.php\/wp-json\/wp\/v2\/media?parent=4254"}],"wp:term":[{"taxonomy":"category","embeddable":true,"href":"https:\/\/salvadoracontece.com.br\/index.php\/wp-json\/wp\/v2\/categories?post=4254"},{"taxonomy":"post_tag","embeddable":true,"href":"https:\/\/salvadoracontece.com.br\/index.php\/wp-json\/wp\/v2\/tags?post=4254"}],"curies":[{"name":"wp","href":"https:\/\/api.w.org\/{rel}","templated":true}]}}