{"id":4276,"date":"2023-09-20T10:42:52","date_gmt":"2023-09-20T13:42:52","guid":{"rendered":"https:\/\/salvadoracontece.com.br\/?p=4276"},"modified":"2023-09-20T10:42:54","modified_gmt":"2023-09-20T13:42:54","slug":"vice-da-camara-marcos-pereira-aproveita-ausencia-de-arthur-lira-para-se-cacifar-para-2025","status":"publish","type":"post","link":"https:\/\/salvadoracontece.com.br\/index.php\/2023\/09\/20\/vice-da-camara-marcos-pereira-aproveita-ausencia-de-arthur-lira-para-se-cacifar-para-2025\/","title":{"rendered":"Vice da C\u00e2mara, Marcos Pereira aproveita aus\u00eancia de Arthur Lira para se cacifar para 2025"},"content":{"rendered":"\n<p>Vice-presidente da C\u00e2mara, o deputado Marcos Pereira (Republicanos-SP) tem usado a semana sem Arthur Lira (PP-AL) para tentar se credenciar junto aos colegas \u00e0 sucess\u00e3o do comando da Casa, em 2025. Lira est\u00e1 nos Estados Unidos nesta semana.<\/p>\n\n\n\n<p>Segundo aliados, Pereira atua para que os trabalhos da C\u00e2mara nesta semana, que ser\u00e3o comandados por ele, sejam &#8220;exemplares&#8221;. Conformepublica\u00e7\u00e3o do\u00a0Metr\u00f3poles, essa seria uma forma de mostrar aos outros deputados como seria a poss\u00edvel gest\u00e3o dele como presidente da Casa.<\/p>\n\n\n\n<p>Um dos exeplos foi a ordem de Pereira para que as vota\u00e7\u00f5es em plen\u00e1rio comecem no hor\u00e1rio prometido das 17h, sem os costumeiros atrasos que marcam a maioria das sess\u00f5es deliberativas da C\u00e2mara ao longo de v\u00e1rias gest\u00f5es.<\/p>\n\n\n\n<p>Presidente nacional do Republicanos, Pereira \u00e9 um dos nomes que se movimentam nos bastidores em busca de apoio para suceder Lira na presid\u00eancia da C\u00e2mara. Ele disputa o posto com outros caciques \u201cpesos-pesados\u201d da Casa.<\/p>\n\n\n\n<p>Dentre eles, est\u00e3o os deputados Elmar Nascimento (Uni\u00e3o Brasil-BA), considerado bra\u00e7o-direito de Lira, e Antonio Brito (PSD-BA), aposta de Gilberto Kassab para ser o futuro presidente da C\u00e2mara dos Deputados em 2025.<\/p>\n\n\n\n<p>Fonte: Bahia Not\u00edcias <\/p>\n","protected":false},"excerpt":{"rendered":"<p>Vice-presidente da C\u00e2mara, o deputado Marcos Pereira (Republicanos-SP) tem usado a semana sem Arthur Lira (PP-AL) para tentar se credenciar junto aos colegas \u00e0 sucess\u00e3o do comando da Casa, em 2025. Lira est\u00e1 nos Estados Unidos nesta semana. Segundo aliados, Pereira atua para que os trabalhos da C\u00e2mara nesta semana, que ser\u00e3o comandados por ele, [&hellip;]<\/p>\n","protected":false},"author":2,"featured_media":4277,"comment_status":"open","ping_status":"open","sticky":false,"template":"","format":"standard","meta":{"footnotes":""},"categories":[91],"tags":[],"class_list":["post-4276","post","type-post","status-publish","format-standard","has-post-thumbnail","hentry","category-politica"],"_links":{"self":[{"href":"https:\/\/salvadoracontece.com.br\/index.php\/wp-json\/wp\/v2\/posts\/4276","targetHints":{"allow":["GET"]}}],"collection":[{"href":"https:\/\/salvadoracontece.com.br\/index.php\/wp-json\/wp\/v2\/posts"}],"about":[{"href":"https:\/\/salvadoracontece.com.br\/index.php\/wp-json\/wp\/v2\/types\/post"}],"author":[{"embeddable":true,"href":"https:\/\/salvadoracontece.com.br\/index.php\/wp-json\/wp\/v2\/users\/2"}],"replies":[{"embeddable":true,"href":"https:\/\/salvadoracontece.com.br\/index.php\/wp-json\/wp\/v2\/comments?post=4276"}],"version-history":[{"count":1,"href":"https:\/\/salvadoracontece.com.br\/index.php\/wp-json\/wp\/v2\/posts\/4276\/revisions"}],"predecessor-version":[{"id":4278,"href":"https:\/\/salvadoracontece.com.br\/index.php\/wp-json\/wp\/v2\/posts\/4276\/revisions\/4278"}],"wp:featuredmedia":[{"embeddable":true,"href":"https:\/\/salvadoracontece.com.br\/index.php\/wp-json\/wp\/v2\/media\/4277"}],"wp:attachment":[{"href":"https:\/\/salvadoracontece.com.br\/index.php\/wp-json\/wp\/v2\/media?parent=4276"}],"wp:term":[{"taxonomy":"category","embeddable":true,"href":"https:\/\/salvadoracontece.com.br\/index.php\/wp-json\/wp\/v2\/categories?post=4276"},{"taxonomy":"post_tag","embeddable":true,"href":"https:\/\/salvadoracontece.com.br\/index.php\/wp-json\/wp\/v2\/tags?post=4276"}],"curies":[{"name":"wp","href":"https:\/\/api.w.org\/{rel}","templated":true}]}}