{"id":4279,"date":"2023-09-20T10:44:43","date_gmt":"2023-09-20T13:44:43","guid":{"rendered":"https:\/\/salvadoracontece.com.br\/?p=4279"},"modified":"2023-09-20T10:44:45","modified_gmt":"2023-09-20T13:44:45","slug":"pm-atropela-e-agride-verbalmente-uma-estudante-na-regiao-metropolitana-de-salvador","status":"publish","type":"post","link":"https:\/\/salvadoracontece.com.br\/index.php\/2023\/09\/20\/pm-atropela-e-agride-verbalmente-uma-estudante-na-regiao-metropolitana-de-salvador\/","title":{"rendered":"PM atropela e agride verbalmente uma estudante na regi\u00e3o metropolitana de Salvador"},"content":{"rendered":"\n<p>Um policial militar atropelou e agrediu verbalmente uma jovem, nesta ter\u00e7a-feira (19), em\u00a0Cama\u00e7ari, na Regi\u00e3o Metropolitana de Salvador (RMS). Em imagens divulgadas nas redes sociais, a jovem demonstra ter machucado um bra\u00e7o durante o ocorrido.<\/p>\n\n\n\n<figure class=\"wp-block-embed is-type-rich is-provider-twitter wp-block-embed-twitter\"><div class=\"wp-block-embed__wrapper\">\n<blockquote class=\"twitter-tweet\" data-width=\"500\" data-dnt=\"true\"><p lang=\"pt\" dir=\"ltr\">PM atropela e agride verbalmente uma estudante na regi\u00e3o metropolitana de Salvador<br><br>Saiba mais aqui \u27a1\ufe0f <a href=\"https:\/\/t.co\/m9laaaedWF\">https:\/\/t.co\/m9laaaedWF<\/a> <a href=\"https:\/\/t.co\/iKLDQM8wM7\">pic.twitter.com\/iKLDQM8wM7<\/a><\/p>&mdash; Bahia Not\u00edcias (@BahiaNoticias) <a href=\"https:\/\/twitter.com\/BahiaNoticias\/status\/1704218105109418376?ref_src=twsrc%5Etfw\">September 19, 2023<\/a><\/blockquote><script async src=\"https:\/\/platform.twitter.com\/widgets.js\" charset=\"utf-8\"><\/script>\n<\/div><\/figure>\n\n\n\n<p>Segundo testemunhas, a rua onde a a\u00e7\u00e3o ocorreu possui diversas oficinas mec\u00e2nicas, onde os carros obstruem a cal\u00e7ada. A caminho da escola, a jovem, acompanhada da tia, estaria andando pela rua e acabou batendo no vidro retrovisor da viatura, que foi quebrado com o impacto.<\/p>\n\n\n\n<p>Nas imagens, o agente da pol\u00edcia aparece agredindo verbalmente a jovem e a tia. &#8220;P*rra&nbsp;rapaz, voc\u00ea nessa idade, na escola, n\u00e3o aprendeu que n\u00e3o se anda na rua?(&#8230;) Ia passar o qu\u00ea? N\u00e3o viu a p*rra&nbsp;de um carro desse tamanho?&nbsp;Eu dando jogo de luz o tempo todo rapaz. Voc\u00ea sabe quanto custa uma p*rra&nbsp;dessa?&#8221;, grita o policial.<\/p>\n\n\n\n<p>Ainda no mesmo registro, ele brada: &#8220;V\u00e1 ali buscar o peda\u00e7o que caiu no meio da rua, pra voc\u00ea aprender a ter educa\u00e7\u00e3o&#8221;. No final da grava\u00e7\u00e3o, a tia da estudante pede que o agente se acalme. &#8220;N\u00e3o tem nada de confus\u00e3o, tudo se resolve&#8221;, diz a mulher. O PM volta a aumentar o tom. &#8220;Confus\u00e3o uma p*rra, rapaz. Um bando de mal educado, folgado, quer ver a desgra\u00e7a dos outros e depois vem com p*rra de &#8216;mimimi&#8217;, rapaz&#8221;, continuou.<\/p>\n\n\n\n<p>&#8220;Espero que seu pai n\u00e3o crie problemas, pra resolver meu neg\u00f3cio, pra n\u00e3o ser pior, viu?&#8221;, finaliza o agente em tom de amea\u00e7a antes de se retirar.<\/p>\n\n\n\n<p>Em nota, a Pol\u00edcia Militar afirmou que o agente j\u00e1 foi identificado e est\u00e1 sendo ouvido para a instaura\u00e7\u00e3o de uma apura\u00e7\u00e3o sobre o caso.<\/p>\n\n\n\n<figure class=\"wp-block-embed is-type-rich is-provider-twitter wp-block-embed-twitter\"><div class=\"wp-block-embed__wrapper\">\n<blockquote class=\"twitter-tweet\" data-width=\"500\" data-dnt=\"true\"><p lang=\"pt\" dir=\"ltr\">&quot;MIMIMI&quot; \ud83d\udfe2 Em outro momento do registro, o PM diz esperar colabora\u00e7\u00e3o do pai da estudante e amea\u00e7a: &quot;Pra n\u00e3o ser pior&quot; <a href=\"https:\/\/t.co\/oPnkPZICL0\">pic.twitter.com\/oPnkPZICL0<\/a><\/p>&mdash; Bahia Not\u00edcias (@BahiaNoticias) <a href=\"https:\/\/twitter.com\/BahiaNoticias\/status\/1704254020922069405?ref_src=twsrc%5Etfw\">September 19, 2023<\/a><\/blockquote><script async src=\"https:\/\/platform.twitter.com\/widgets.js\" charset=\"utf-8\"><\/script>\n<\/div><figcaption class=\"wp-element-caption\">Fonte: Bahia Not\u00edcias <\/figcaption><\/figure>\n","protected":false},"excerpt":{"rendered":"<p>Um policial militar atropelou e agrediu verbalmente uma jovem, nesta ter\u00e7a-feira (19), em\u00a0Cama\u00e7ari, na Regi\u00e3o Metropolitana de Salvador (RMS). Em imagens divulgadas nas redes sociais, a jovem demonstra ter machucado um bra\u00e7o durante o ocorrido. Segundo testemunhas, a rua onde a a\u00e7\u00e3o ocorreu possui diversas oficinas mec\u00e2nicas, onde os carros obstruem a cal\u00e7ada. A caminho [&hellip;]<\/p>\n","protected":false},"author":2,"featured_media":4280,"comment_status":"open","ping_status":"open","sticky":false,"template":"","format":"standard","meta":{"footnotes":""},"categories":[105],"tags":[],"class_list":["post-4279","post","type-post","status-publish","format-standard","has-post-thumbnail","hentry","category-policia"],"_links":{"self":[{"href":"https:\/\/salvadoracontece.com.br\/index.php\/wp-json\/wp\/v2\/posts\/4279","targetHints":{"allow":["GET"]}}],"collection":[{"href":"https:\/\/salvadoracontece.com.br\/index.php\/wp-json\/wp\/v2\/posts"}],"about":[{"href":"https:\/\/salvadoracontece.com.br\/index.php\/wp-json\/wp\/v2\/types\/post"}],"author":[{"embeddable":true,"href":"https:\/\/salvadoracontece.com.br\/index.php\/wp-json\/wp\/v2\/users\/2"}],"replies":[{"embeddable":true,"href":"https:\/\/salvadoracontece.com.br\/index.php\/wp-json\/wp\/v2\/comments?post=4279"}],"version-history":[{"count":1,"href":"https:\/\/salvadoracontece.com.br\/index.php\/wp-json\/wp\/v2\/posts\/4279\/revisions"}],"predecessor-version":[{"id":4281,"href":"https:\/\/salvadoracontece.com.br\/index.php\/wp-json\/wp\/v2\/posts\/4279\/revisions\/4281"}],"wp:featuredmedia":[{"embeddable":true,"href":"https:\/\/salvadoracontece.com.br\/index.php\/wp-json\/wp\/v2\/media\/4280"}],"wp:attachment":[{"href":"https:\/\/salvadoracontece.com.br\/index.php\/wp-json\/wp\/v2\/media?parent=4279"}],"wp:term":[{"taxonomy":"category","embeddable":true,"href":"https:\/\/salvadoracontece.com.br\/index.php\/wp-json\/wp\/v2\/categories?post=4279"},{"taxonomy":"post_tag","embeddable":true,"href":"https:\/\/salvadoracontece.com.br\/index.php\/wp-json\/wp\/v2\/tags?post=4279"}],"curies":[{"name":"wp","href":"https:\/\/api.w.org\/{rel}","templated":true}]}}