{"id":4285,"date":"2023-09-20T11:05:42","date_gmt":"2023-09-20T14:05:42","guid":{"rendered":"https:\/\/salvadoracontece.com.br\/?p=4285"},"modified":"2023-09-20T11:05:44","modified_gmt":"2023-09-20T14:05:44","slug":"chefe-de-gabinete-do-chefe-de-gabinete-saiba-quem-vai-trabalhar-com-adolpho-loyola-no-governo-da-bahia","status":"publish","type":"post","link":"https:\/\/salvadoracontece.com.br\/index.php\/2023\/09\/20\/chefe-de-gabinete-do-chefe-de-gabinete-saiba-quem-vai-trabalhar-com-adolpho-loyola-no-governo-da-bahia\/","title":{"rendered":"&#8220;Chefe de gabinete do chefe de gabinete&#8221;: Saiba quem vai trabalhar com Adolpho Loyola no governo da Bahia"},"content":{"rendered":"\n<p>Chefe de gabinete do governador Jer\u00f4nimo Rodrigues (PT), Adolpho Loyola agora tamb\u00e9m tem o seu pr\u00f3prio chefe de gabinete. Em ato publicado nesta quarta-feira (20), o gestor estadual nomeou Mauricio Weidgenant para o cargo de chefe de gabinete de Loyola.<\/p>\n\n\n\n<p>Weidgenant \u00e9 membro do PT de Santa Catarina e j\u00e1 atuou como representante regional do PAC-2 (Programa de Acelera\u00e7\u00e3o do Crescimento) no Estado. Al\u00e9m disso, em 2023 ele foi alocado no gabinete da deputada federal Ana Paula Lima (PT-SC) entre fevereiro e setembro. Mauricio Weidgenant deixou a fun\u00e7\u00e3o de secret\u00e1rio parlamentar no \u00faltimo dia 14.<\/p>\n\n\n\n<figure class=\"wp-block-image\"><img decoding=\"async\" src=\"https:\/\/www.bahianoticias.com.br\/fotos\/principal_noticias\/284510\/mg\/1637847955338.jpg\" alt=\"\"\/><\/figure>\n\n\n\n<p><em>Mauricio Weidgenant, novo chefe de gabinete de Adolpho Loyola | Foto: Reprodu\u00e7\u00e3o \/ Linkedin<\/em><\/p>\n\n\n\n<p>De acordo com Adolpho Loyola, Weidgenant j\u00e1 mora em Bras\u00edlia h\u00e1 alguns anos e chega para ajudar nas demandas do governo da Bahia. Ele tamb\u00e9m j\u00e1 trabalhou com Jer\u00f4nimo Rodrigues no Minist\u00e9rio do Desenvolvimento Agr\u00e1rio e Agricultura Familiar.<\/p>\n\n\n\n<p>A situa\u00e7\u00e3o n\u00e3o \u00e9 nova para o n\u00facleo pol\u00edtico que Loyola integra. Ela se assemelha ao per\u00edodo em que o atual senador Jaques Wagner (PT) foi &#8220;promovido&#8221; a chefe de gabinete da ent\u00e3o presidente Dilma Rousseff em 2016. O ex-governador estava no Minist\u00e9rio da Defesa e foi al\u00e7ado a fun\u00e7\u00e3o mais pr\u00f3xima de Dilma numa tentativa de retardar o desgaste pol\u00edtico vivido por ela nos meses que antecederam o impeachment. \u00c0 \u00e9poca, o homem de confian\u00e7a de Wagner, \u00c9den Valadares, hoje presidente do PT baiano, acompanhou o padrinho e tamb\u00e9m foi al\u00e7ado \u00e0 condi\u00e7\u00e3o de chefe de gabinete do chefe de gabinete.<\/p>\n\n\n\n<p>Fonte: Bahia Not\u00edcias <\/p>\n","protected":false},"excerpt":{"rendered":"<p>Chefe de gabinete do governador Jer\u00f4nimo Rodrigues (PT), Adolpho Loyola agora tamb\u00e9m tem o seu pr\u00f3prio chefe de gabinete. Em ato publicado nesta quarta-feira (20), o gestor estadual nomeou Mauricio Weidgenant para o cargo de chefe de gabinete de Loyola. Weidgenant \u00e9 membro do PT de Santa Catarina e j\u00e1 atuou como representante regional do [&hellip;]<\/p>\n","protected":false},"author":2,"featured_media":4286,"comment_status":"open","ping_status":"open","sticky":false,"template":"","format":"standard","meta":{"footnotes":""},"categories":[91],"tags":[],"class_list":["post-4285","post","type-post","status-publish","format-standard","has-post-thumbnail","hentry","category-politica"],"_links":{"self":[{"href":"https:\/\/salvadoracontece.com.br\/index.php\/wp-json\/wp\/v2\/posts\/4285","targetHints":{"allow":["GET"]}}],"collection":[{"href":"https:\/\/salvadoracontece.com.br\/index.php\/wp-json\/wp\/v2\/posts"}],"about":[{"href":"https:\/\/salvadoracontece.com.br\/index.php\/wp-json\/wp\/v2\/types\/post"}],"author":[{"embeddable":true,"href":"https:\/\/salvadoracontece.com.br\/index.php\/wp-json\/wp\/v2\/users\/2"}],"replies":[{"embeddable":true,"href":"https:\/\/salvadoracontece.com.br\/index.php\/wp-json\/wp\/v2\/comments?post=4285"}],"version-history":[{"count":1,"href":"https:\/\/salvadoracontece.com.br\/index.php\/wp-json\/wp\/v2\/posts\/4285\/revisions"}],"predecessor-version":[{"id":4287,"href":"https:\/\/salvadoracontece.com.br\/index.php\/wp-json\/wp\/v2\/posts\/4285\/revisions\/4287"}],"wp:featuredmedia":[{"embeddable":true,"href":"https:\/\/salvadoracontece.com.br\/index.php\/wp-json\/wp\/v2\/media\/4286"}],"wp:attachment":[{"href":"https:\/\/salvadoracontece.com.br\/index.php\/wp-json\/wp\/v2\/media?parent=4285"}],"wp:term":[{"taxonomy":"category","embeddable":true,"href":"https:\/\/salvadoracontece.com.br\/index.php\/wp-json\/wp\/v2\/categories?post=4285"},{"taxonomy":"post_tag","embeddable":true,"href":"https:\/\/salvadoracontece.com.br\/index.php\/wp-json\/wp\/v2\/tags?post=4285"}],"curies":[{"name":"wp","href":"https:\/\/api.w.org\/{rel}","templated":true}]}}