{"id":4289,"date":"2023-09-20T11:19:55","date_gmt":"2023-09-20T14:19:55","guid":{"rendered":"https:\/\/salvadoracontece.com.br\/?p=4289"},"modified":"2023-09-20T11:19:57","modified_gmt":"2023-09-20T14:19:57","slug":"poluicao-gera-bloqueio-milionario-em-mg-na-bahia-tronox-segue-impune","status":"publish","type":"post","link":"https:\/\/salvadoracontece.com.br\/index.php\/2023\/09\/20\/poluicao-gera-bloqueio-milionario-em-mg-na-bahia-tronox-segue-impune\/","title":{"rendered":"Polui\u00e7\u00e3o gera bloqueio milion\u00e1rio em MG; na Bahia, Tronox segue impune"},"content":{"rendered":"\n<p>A sider\u00fargica Usiminas, localizada em Ipatinga, MG, teve\u00a0R$ 346,7 milh\u00f5es bloqueados das suas contas, por determina\u00e7\u00e3o da justi\u00e7a daquele estado. A liminar que determinou o bloqueio \u00e9\u00a0parte de uma a\u00e7\u00e3o civil p\u00fablica movida contra a companhia por polui\u00e7\u00e3o atmosf\u00e9rica na regi\u00e3o do Vale do A\u00e7o, devido \u00e0 emiss\u00e3o de p\u00f3 preto.<\/p>\n\n\n\n<p>Bem longe dali, na comunidade de Areias, litoral de Cama\u00e7ari, a Tronox, ind\u00fastria de pigmentos que durante d\u00e9cadas vem lan\u00e7ando metais pesados no subsolo e no ar, descumpre o\u00a0Termo de Ajustamento de Conduta (TAC) firmado h\u00e1 10 anos com o Minist\u00e9rio P\u00fablico Estadual\u00a0e se recusa a apresentar laudos que comprovem o monitoramento das emiss\u00f5es de poluentes.<\/p>\n\n\n\n<p>O Minist\u00e9rio P\u00fablico de Minas Gerais. prop\u00f4s, em julho, uma a\u00e7\u00e3o civil p\u00fablica pedindo repara\u00e7\u00e3o por dano moral coletivo, por causa da emiss\u00e3o de poluentes na atmosfera, em desacordo com os padr\u00f5es permitidos pela legisla\u00e7\u00e3o.<\/p>\n\n\n\n<p>O MP baiano ainda n\u00e3o ingressou com nenhuma a\u00e7\u00e3o indenizat\u00f3ria e aguarda a remessa, pelo Inema, dos laudos que a Tronox, segundo seus representantes, teria enviado, atendendo \u00e0 solicita\u00e7\u00e3o da Promotoria de Cama\u00e7ari. O promotor Luciano Pitta deve oficiar o Inema nos pr\u00f3ximos dias para cobrar os documentos.<\/p>\n\n\n\n<p>O Inema, atrav\u00e9s de sua assessoria, informa que os documentos aguardam an\u00e1lise da \u00e1rea t\u00e9cnica e que a nova diretora, Maria Am\u00e9lia Mattos Lins, rec\u00e9m-empossada, est\u00e1 se inteirando dos processos em curso no \u00f3rg\u00e3o.<\/p>\n\n\n\n<p>Enquanto isso,\u00a0moradores de Areias, com sequelas,\u00a0ao que tudo indica provocadas pelo consumo de \u00e1gua contaminada e pela polui\u00e7\u00e3o do ar, aguardam o andamento dos processos de indeniza\u00e7\u00e3o que correm na justi\u00e7a baiana.<\/p>\n\n\n\n<p><strong>Pr\u00e1ticas agressivas<\/strong><\/p>\n\n\n\n<p>Em Minas, a decis\u00e3o da justi\u00e7a aponta que \u201cas provas colhidas pelo Minist\u00e9rio P\u00fablico demonstram que, desde a funda\u00e7\u00e3o da empresa, em setembro de 1966, a&nbsp;Usiminas&nbsp;pratica condutas agressivas ao meio ambiente, seja atrav\u00e9s das emiss\u00f5es atmosf\u00e9ricas geradas nas diversas \u00e1reas da empresa, da emiss\u00e3o de part\u00edculas sediment\u00e1veis em desacordo com o padr\u00e3o estabelecido pela legisla\u00e7\u00e3o ambiental, conhecida como \u2018p\u00f3 preto\u2019 pela popula\u00e7\u00e3o de Ipatinga, al\u00e9m de outros agentes poluentes lan\u00e7ados na atmosfera e rios da regi\u00e3o\u201d.<\/p>\n\n\n\n<p>De acordo com o Minist\u00e9rio P\u00fablico mineiro, um estudo de percep\u00e7\u00e3o feito com a popula\u00e7\u00e3o no ano passado revelou que 93% dos entrevistados revelaram algum n\u00edvel de inc\u00f4modo com a presen\u00e7a do p\u00f3 preto, com relatos de desenvolvimento de alergias e doen\u00e7as respirat\u00f3rias, sujeira nas resid\u00eancias e locais de trabalho, redu\u00e7\u00e3o da qualidade de vida.&nbsp;<\/p>\n\n\n\n<p>O ju\u00edzo considerou ainda que \u201csujeitar os habitantes de uma cidade a um meio ambiente desequilibrado, hostil a sua sa\u00fade, sem qualquer perspectiva de melhora da situa\u00e7\u00e3o pelo agente poluidor, que objetiva lucro expressivo em sua atividade produtiva, revela o descaso da demandada pela quest\u00e3o ambiental e coletividade\u201d.<\/p>\n\n\n\n<p>Em 2019, o Minist\u00e9rio P\u00fablico e a\u00a0Usiminas\u00a0assinaram um Termo de Ajustamento de Conduta (TAC) para implantar medidas de mitiga\u00e7\u00e3o. Foram estabelecidas metas de redu\u00e7\u00e3o da deposi\u00e7\u00e3o do material sediment\u00e1vel para serem cumpridas at\u00e9 2028. O Minist\u00e9rio P\u00fablico acompanha o cumprimento dessas obriga\u00e7\u00f5es. A Usiminas\u00a0informa que vai recorrer da decis\u00e3o da Justi\u00e7a de Minas Gerais.\u00a0<\/p>\n\n\n\n<p>Fonte: ATarde <\/p>\n","protected":false},"excerpt":{"rendered":"<p>A sider\u00fargica Usiminas, localizada em Ipatinga, MG, teve\u00a0R$ 346,7 milh\u00f5es bloqueados das suas contas, por determina\u00e7\u00e3o da justi\u00e7a daquele estado. A liminar que determinou o bloqueio \u00e9\u00a0parte de uma a\u00e7\u00e3o civil p\u00fablica movida contra a companhia por polui\u00e7\u00e3o atmosf\u00e9rica na regi\u00e3o do Vale do A\u00e7o, devido \u00e0 emiss\u00e3o de p\u00f3 preto. Bem longe dali, na [&hellip;]<\/p>\n","protected":false},"author":2,"featured_media":4290,"comment_status":"open","ping_status":"open","sticky":false,"template":"","format":"standard","meta":{"footnotes":""},"categories":[85],"tags":[],"class_list":["post-4289","post","type-post","status-publish","format-standard","has-post-thumbnail","hentry","category-noticias"],"_links":{"self":[{"href":"https:\/\/salvadoracontece.com.br\/index.php\/wp-json\/wp\/v2\/posts\/4289","targetHints":{"allow":["GET"]}}],"collection":[{"href":"https:\/\/salvadoracontece.com.br\/index.php\/wp-json\/wp\/v2\/posts"}],"about":[{"href":"https:\/\/salvadoracontece.com.br\/index.php\/wp-json\/wp\/v2\/types\/post"}],"author":[{"embeddable":true,"href":"https:\/\/salvadoracontece.com.br\/index.php\/wp-json\/wp\/v2\/users\/2"}],"replies":[{"embeddable":true,"href":"https:\/\/salvadoracontece.com.br\/index.php\/wp-json\/wp\/v2\/comments?post=4289"}],"version-history":[{"count":1,"href":"https:\/\/salvadoracontece.com.br\/index.php\/wp-json\/wp\/v2\/posts\/4289\/revisions"}],"predecessor-version":[{"id":4291,"href":"https:\/\/salvadoracontece.com.br\/index.php\/wp-json\/wp\/v2\/posts\/4289\/revisions\/4291"}],"wp:featuredmedia":[{"embeddable":true,"href":"https:\/\/salvadoracontece.com.br\/index.php\/wp-json\/wp\/v2\/media\/4290"}],"wp:attachment":[{"href":"https:\/\/salvadoracontece.com.br\/index.php\/wp-json\/wp\/v2\/media?parent=4289"}],"wp:term":[{"taxonomy":"category","embeddable":true,"href":"https:\/\/salvadoracontece.com.br\/index.php\/wp-json\/wp\/v2\/categories?post=4289"},{"taxonomy":"post_tag","embeddable":true,"href":"https:\/\/salvadoracontece.com.br\/index.php\/wp-json\/wp\/v2\/tags?post=4289"}],"curies":[{"name":"wp","href":"https:\/\/api.w.org\/{rel}","templated":true}]}}