{"id":4432,"date":"2023-09-25T14:09:39","date_gmt":"2023-09-25T17:09:39","guid":{"rendered":"https:\/\/salvadoracontece.com.br\/?p=4432"},"modified":"2023-09-25T14:09:41","modified_gmt":"2023-09-25T17:09:41","slug":"veja-momento-em-que-adolescente-e-atacado-com-golpes-de-facao-em-salvador","status":"publish","type":"post","link":"https:\/\/salvadoracontece.com.br\/index.php\/2023\/09\/25\/veja-momento-em-que-adolescente-e-atacado-com-golpes-de-facao-em-salvador\/","title":{"rendered":"Veja momento em que adolescente \u00e9 atacado com golpes de fac\u00e3o em Salvador"},"content":{"rendered":"\n<p>Um adolescente de 13 anos recebeu golpes de fac\u00e3o na cabe\u00e7a e no bra\u00e7o na noite de domingo (25) no\u00a0Curuzu, em Salvador. De acordo com a Pol\u00edcia Civil, ele foi atacado\u00a0 enquanto estava na casa da namorada.<\/p>\n\n\n\n<p>Um v\u00eddeo mostra o momento em que um homem, armado com o fac\u00e3o, corre em dire\u00e7\u00e3o a v\u00edtima. N\u00e3o \u00e9 poss\u00edvel ver o momento em que o adolescente \u00e9 ferido, mas nota-se que moradores correm para conter o agressor. O crime \u00e9 investigado pela Delegacia Especializada de Repress\u00e3o a Crimes Contra a Crian\u00e7a e o Adolescente (Dercca).<\/p>\n\n\n\n<p>Segundo o advogado da v\u00edtima, Luciano Mata, o adolescente estava na companhia de outros menores de idade quando um vizinho se irritou com o barulho deles. \u201cSe ele n\u00e3o fosse contido, mataria o adolescente. Infelizmente, n\u00e3o houve flagrante, vamos conversar com a delegada titular para ver a possibilidade de decretar uma pris\u00e3o preventiva\u201d, disse em entrevista \u00e0 Record TV Itapoan.<\/p>\n\n\n\n<p>A Pol\u00edcia Militar informou, por meio de nota, que o crime aconteceu na Rua da Alegria e que o adolescente foi levado para o Hospital Geral do Estado (HGE). O paciente passou por duas cirurgias, uma delas para retirar um co\u00e1gulo na cabe\u00e7a.<\/p>\n\n\n\n<p>Fonte: Bnews  <\/p>\n","protected":false},"excerpt":{"rendered":"<p>Um adolescente de 13 anos recebeu golpes de fac\u00e3o na cabe\u00e7a e no bra\u00e7o na noite de domingo (25) no\u00a0Curuzu, em Salvador. De acordo com a Pol\u00edcia Civil, ele foi atacado\u00a0 enquanto estava na casa da namorada. Um v\u00eddeo mostra o momento em que um homem, armado com o fac\u00e3o, corre em dire\u00e7\u00e3o a v\u00edtima. [&hellip;]<\/p>\n","protected":false},"author":2,"featured_media":4433,"comment_status":"open","ping_status":"open","sticky":false,"template":"","format":"standard","meta":{"footnotes":""},"categories":[105],"tags":[],"class_list":["post-4432","post","type-post","status-publish","format-standard","has-post-thumbnail","hentry","category-policia"],"_links":{"self":[{"href":"https:\/\/salvadoracontece.com.br\/index.php\/wp-json\/wp\/v2\/posts\/4432","targetHints":{"allow":["GET"]}}],"collection":[{"href":"https:\/\/salvadoracontece.com.br\/index.php\/wp-json\/wp\/v2\/posts"}],"about":[{"href":"https:\/\/salvadoracontece.com.br\/index.php\/wp-json\/wp\/v2\/types\/post"}],"author":[{"embeddable":true,"href":"https:\/\/salvadoracontece.com.br\/index.php\/wp-json\/wp\/v2\/users\/2"}],"replies":[{"embeddable":true,"href":"https:\/\/salvadoracontece.com.br\/index.php\/wp-json\/wp\/v2\/comments?post=4432"}],"version-history":[{"count":1,"href":"https:\/\/salvadoracontece.com.br\/index.php\/wp-json\/wp\/v2\/posts\/4432\/revisions"}],"predecessor-version":[{"id":4434,"href":"https:\/\/salvadoracontece.com.br\/index.php\/wp-json\/wp\/v2\/posts\/4432\/revisions\/4434"}],"wp:featuredmedia":[{"embeddable":true,"href":"https:\/\/salvadoracontece.com.br\/index.php\/wp-json\/wp\/v2\/media\/4433"}],"wp:attachment":[{"href":"https:\/\/salvadoracontece.com.br\/index.php\/wp-json\/wp\/v2\/media?parent=4432"}],"wp:term":[{"taxonomy":"category","embeddable":true,"href":"https:\/\/salvadoracontece.com.br\/index.php\/wp-json\/wp\/v2\/categories?post=4432"},{"taxonomy":"post_tag","embeddable":true,"href":"https:\/\/salvadoracontece.com.br\/index.php\/wp-json\/wp\/v2\/tags?post=4432"}],"curies":[{"name":"wp","href":"https:\/\/api.w.org\/{rel}","templated":true}]}}