{"id":4503,"date":"2023-09-27T10:28:44","date_gmt":"2023-09-27T13:28:44","guid":{"rendered":"https:\/\/salvadoracontece.com.br\/?p=4503"},"modified":"2023-09-27T10:28:45","modified_gmt":"2023-09-27T13:28:45","slug":"apos-tiroteio-trajeto-dos-onibus-e-alterado-na-regiao-do-nordeste-de-amaralina","status":"publish","type":"post","link":"https:\/\/salvadoracontece.com.br\/index.php\/2023\/09\/27\/apos-tiroteio-trajeto-dos-onibus-e-alterado-na-regiao-do-nordeste-de-amaralina\/","title":{"rendered":"Ap\u00f3s tiroteio, trajeto dos \u00f4nibus \u00e9 alterado na regi\u00e3o do Nordeste de Amaralina"},"content":{"rendered":"\n<p>Nesta quarta-feira (27), os \u00f4nibus que operam na regi\u00e3o do do Nordeste de Amaralina tiveram seus trajetos temporariamente modificados devido aos intensos tiroteios ocorridos na noite anterior na localidade.<\/p>\n\n\n\n<p>Segundo informa\u00e7\u00f5es do Sindicato dos Rodovi\u00e1rios, visando garantir a seguran\u00e7a dos passageiros e motoristas, os finais de linha foram desviados para locais alternativos, incluindo o Parque da Cidade, Rua do Canal e a \u00e1rea pr\u00f3xima \u00e0 antiga Secretaria de Mobilidade. Essa medida afeta diretamente os moradores das \u00e1reas do Vale das Pedrinhas, Santa Cruz e Nordeste.<\/p>\n\n\n\n<p>At\u00e9 o momento, n\u00e3o foi estabelecida uma previs\u00e3o de quando os trajetos originais dos \u00f4nibus ser\u00e3o restaurados, deixando a comunidade local em incerteza quanto \u00e0 normaliza\u00e7\u00e3o do transporte p\u00fablico.<\/p>\n\n\n\n<p>A Pol\u00edcia Militar, por sua vez, reportou que na noite anterior, equipes da 40\u00aa Companhia Independente (CIPM) foram alvo de disparos de arma de fogo durante patrulhamento na regi\u00e3o do Vale das Pedrinhas. Como resposta, ocorreu um confronto armado, mas os suspeitos conseguiram escapar da \u00e1rea, e n\u00e3o houve pris\u00f5es. Felizmente, tamb\u00e9m n\u00e3o foram registrados feridos durante o incidente.<\/p>\n\n\n\n<p>Fonte: Varela Net <\/p>\n","protected":false},"excerpt":{"rendered":"<p>Nesta quarta-feira (27), os \u00f4nibus que operam na regi\u00e3o do do Nordeste de Amaralina tiveram seus trajetos temporariamente modificados devido aos intensos tiroteios ocorridos na noite anterior na localidade. Segundo informa\u00e7\u00f5es do Sindicato dos Rodovi\u00e1rios, visando garantir a seguran\u00e7a dos passageiros e motoristas, os finais de linha foram desviados para locais alternativos, incluindo o Parque [&hellip;]<\/p>\n","protected":false},"author":2,"featured_media":4504,"comment_status":"open","ping_status":"open","sticky":false,"template":"","format":"standard","meta":{"footnotes":""},"categories":[105],"tags":[],"class_list":["post-4503","post","type-post","status-publish","format-standard","has-post-thumbnail","hentry","category-policia"],"_links":{"self":[{"href":"https:\/\/salvadoracontece.com.br\/index.php\/wp-json\/wp\/v2\/posts\/4503","targetHints":{"allow":["GET"]}}],"collection":[{"href":"https:\/\/salvadoracontece.com.br\/index.php\/wp-json\/wp\/v2\/posts"}],"about":[{"href":"https:\/\/salvadoracontece.com.br\/index.php\/wp-json\/wp\/v2\/types\/post"}],"author":[{"embeddable":true,"href":"https:\/\/salvadoracontece.com.br\/index.php\/wp-json\/wp\/v2\/users\/2"}],"replies":[{"embeddable":true,"href":"https:\/\/salvadoracontece.com.br\/index.php\/wp-json\/wp\/v2\/comments?post=4503"}],"version-history":[{"count":1,"href":"https:\/\/salvadoracontece.com.br\/index.php\/wp-json\/wp\/v2\/posts\/4503\/revisions"}],"predecessor-version":[{"id":4505,"href":"https:\/\/salvadoracontece.com.br\/index.php\/wp-json\/wp\/v2\/posts\/4503\/revisions\/4505"}],"wp:featuredmedia":[{"embeddable":true,"href":"https:\/\/salvadoracontece.com.br\/index.php\/wp-json\/wp\/v2\/media\/4504"}],"wp:attachment":[{"href":"https:\/\/salvadoracontece.com.br\/index.php\/wp-json\/wp\/v2\/media?parent=4503"}],"wp:term":[{"taxonomy":"category","embeddable":true,"href":"https:\/\/salvadoracontece.com.br\/index.php\/wp-json\/wp\/v2\/categories?post=4503"},{"taxonomy":"post_tag","embeddable":true,"href":"https:\/\/salvadoracontece.com.br\/index.php\/wp-json\/wp\/v2\/tags?post=4503"}],"curies":[{"name":"wp","href":"https:\/\/api.w.org\/{rel}","templated":true}]}}