{"id":4595,"date":"2023-09-28T15:26:46","date_gmt":"2023-09-28T18:26:46","guid":{"rendered":"https:\/\/salvadoracontece.com.br\/?p=4595"},"modified":"2023-09-28T15:26:48","modified_gmt":"2023-09-28T18:26:48","slug":"homem-que-divulgou-fotos-de-marilia-mendonca-no-iml-e-condenado-a-10-anos-de-prisao","status":"publish","type":"post","link":"https:\/\/salvadoracontece.com.br\/index.php\/2023\/09\/28\/homem-que-divulgou-fotos-de-marilia-mendonca-no-iml-e-condenado-a-10-anos-de-prisao\/","title":{"rendered":"Homem que divulgou fotos de Mar\u00edlia Mendon\u00e7a no IML \u00e9 condenado a 10 anos de pris\u00e3o"},"content":{"rendered":"\n<p>Homem que vazou as fotos das aut\u00f3psias de Mar\u00edlia Mendon\u00e7a, Andr\u00e9 Felipe de Souza Alves Pereira, de 22 anos, foi condenado a 10 anos e tr\u00eas meses de pris\u00e3o nesta quarta-feira (27).<br><br>Segundo o g1, ele \u00e9 acusado de vilip\u00eandio a cad\u00e1ver, divulga\u00e7\u00e3o do nazismo, xenofobia, racismo contra nordestinos, uso de documento p\u00fablico falso, atentado contra servi\u00e7o de utilidade p\u00fablica (escolas) e incita\u00e7\u00e3o ao crime.<br><br>&#8220;A natureza das fotografias expostas e os coment\u00e1rios realizados pelo r\u00e9u atrav\u00e9s do seu perfil na ent\u00e3o rede social Twitter demonstraram o inequ\u00edvoco objetivo de humilhar e ultrajar os referidos mortos&#8221;, afirma o juiz na decis\u00e3o. Andr\u00e9 estava preso preventivamente desde abril.<\/p>\n\n\n\n<p>Os outros crimes pelos quais ele \u00e9 acusado est\u00e3o relacionados a outras postagens do r\u00e9u, como amea\u00e7as de ataques a escolas, divulga\u00e7\u00e3o de s\u00edmbolos e nomes relacionados ao nazismo e incentivo a ataques a nordestinos e estrangeiros.<\/p>\n\n\n\n<p>Fonte: Jornal Correio <\/p>\n","protected":false},"excerpt":{"rendered":"<p>Homem que vazou as fotos das aut\u00f3psias de Mar\u00edlia Mendon\u00e7a, Andr\u00e9 Felipe de Souza Alves Pereira, de 22 anos, foi condenado a 10 anos e tr\u00eas meses de pris\u00e3o nesta quarta-feira (27). Segundo o g1, ele \u00e9 acusado de vilip\u00eandio a cad\u00e1ver, divulga\u00e7\u00e3o do nazismo, xenofobia, racismo contra nordestinos, uso de documento p\u00fablico falso, atentado [&hellip;]<\/p>\n","protected":false},"author":2,"featured_media":4596,"comment_status":"open","ping_status":"open","sticky":false,"template":"","format":"standard","meta":{"footnotes":""},"categories":[108],"tags":[],"class_list":["post-4595","post","type-post","status-publish","format-standard","has-post-thumbnail","hentry","category-justica"],"_links":{"self":[{"href":"https:\/\/salvadoracontece.com.br\/index.php\/wp-json\/wp\/v2\/posts\/4595","targetHints":{"allow":["GET"]}}],"collection":[{"href":"https:\/\/salvadoracontece.com.br\/index.php\/wp-json\/wp\/v2\/posts"}],"about":[{"href":"https:\/\/salvadoracontece.com.br\/index.php\/wp-json\/wp\/v2\/types\/post"}],"author":[{"embeddable":true,"href":"https:\/\/salvadoracontece.com.br\/index.php\/wp-json\/wp\/v2\/users\/2"}],"replies":[{"embeddable":true,"href":"https:\/\/salvadoracontece.com.br\/index.php\/wp-json\/wp\/v2\/comments?post=4595"}],"version-history":[{"count":1,"href":"https:\/\/salvadoracontece.com.br\/index.php\/wp-json\/wp\/v2\/posts\/4595\/revisions"}],"predecessor-version":[{"id":4597,"href":"https:\/\/salvadoracontece.com.br\/index.php\/wp-json\/wp\/v2\/posts\/4595\/revisions\/4597"}],"wp:featuredmedia":[{"embeddable":true,"href":"https:\/\/salvadoracontece.com.br\/index.php\/wp-json\/wp\/v2\/media\/4596"}],"wp:attachment":[{"href":"https:\/\/salvadoracontece.com.br\/index.php\/wp-json\/wp\/v2\/media?parent=4595"}],"wp:term":[{"taxonomy":"category","embeddable":true,"href":"https:\/\/salvadoracontece.com.br\/index.php\/wp-json\/wp\/v2\/categories?post=4595"},{"taxonomy":"post_tag","embeddable":true,"href":"https:\/\/salvadoracontece.com.br\/index.php\/wp-json\/wp\/v2\/tags?post=4595"}],"curies":[{"name":"wp","href":"https:\/\/api.w.org\/{rel}","templated":true}]}}