{"id":4598,"date":"2023-09-28T15:34:12","date_gmt":"2023-09-28T18:34:12","guid":{"rendered":"https:\/\/salvadoracontece.com.br\/?p=4598"},"modified":"2023-09-28T15:34:14","modified_gmt":"2023-09-28T18:34:14","slug":"prefeitura-promove-encontro-sobre-saude-mental-para-servidores-nesta-sexta-feira","status":"publish","type":"post","link":"https:\/\/salvadoracontece.com.br\/index.php\/2023\/09\/28\/prefeitura-promove-encontro-sobre-saude-mental-para-servidores-nesta-sexta-feira\/","title":{"rendered":"Prefeitura promove encontro sobre sa\u00fade mental para servidores nesta sexta-feira"},"content":{"rendered":"\n<p>Com o intuito de promover a valoriza\u00e7\u00e3o da sa\u00fade mental dos servidores municipais, a Prefeitura de Salvador, por meio da Secretaria Municipal de Gest\u00e3o (Semge), realizar\u00e1, nesta sexta-feira (29), a partir das 8h, um encontro com o tema \u201cSa\u00fade Importa\u201d.<\/p>\n\n\n\n<p>O evento acontecer\u00e1 no 7\u00b0 andar do audit\u00f3rio da Semge, situado na Rua Hor\u00e1cio C\u00e9sar, 64, no Dois de Julho, e reunir\u00e1 mais de 140 agentes p\u00fablicos, al\u00e9m de convidados. O espa\u00e7o contar\u00e1 com um painel sobre a \u201cSa\u00fade mental do Servidor\u201d, que discutir\u00e1 a import\u00e2ncia do cuidado com a sa\u00fade mental dentro do ambiente de trabalho, e como criar um ambiente acolhedor. Al\u00e9m disso, ser\u00e3o oferecidas atividades de bem-estar, de aromaterapia, aferi\u00e7\u00e3o da press\u00e3o e glicemia, entre outras.<\/p>\n\n\n\n<p>\u201cCuidar da sa\u00fade mental \u00e9 uma demanda urgente e constante, principalmente em um contexto p\u00f3s-pand\u00eamico. E foi pensando nessa necessidade, que a Semge est\u00e1 proporcionando aos colaboradores da PMS esse encontro para falarmos sobre a sa\u00fade mental do servidor, com foco no ambiente de trabalho, por ser um local onde passamos a maior parte do nosso dia\u201d, ressalta a diretora da DPR, Tain\u00e1 Barros.<\/p>\n\n\n\n<p>Fonte: TRBN<\/p>\n","protected":false},"excerpt":{"rendered":"<p>Com o intuito de promover a valoriza\u00e7\u00e3o da sa\u00fade mental dos servidores municipais, a Prefeitura de Salvador, por meio da Secretaria Municipal de Gest\u00e3o (Semge), realizar\u00e1, nesta sexta-feira (29), a partir das 8h, um encontro com o tema \u201cSa\u00fade Importa\u201d. O evento acontecer\u00e1 no 7\u00b0 andar do audit\u00f3rio da Semge, situado na Rua Hor\u00e1cio C\u00e9sar, [&hellip;]<\/p>\n","protected":false},"author":2,"featured_media":4599,"comment_status":"open","ping_status":"open","sticky":false,"template":"","format":"standard","meta":{"footnotes":""},"categories":[85,94],"tags":[],"class_list":["post-4598","post","type-post","status-publish","format-standard","has-post-thumbnail","hentry","category-noticias","category-saude-2"],"_links":{"self":[{"href":"https:\/\/salvadoracontece.com.br\/index.php\/wp-json\/wp\/v2\/posts\/4598","targetHints":{"allow":["GET"]}}],"collection":[{"href":"https:\/\/salvadoracontece.com.br\/index.php\/wp-json\/wp\/v2\/posts"}],"about":[{"href":"https:\/\/salvadoracontece.com.br\/index.php\/wp-json\/wp\/v2\/types\/post"}],"author":[{"embeddable":true,"href":"https:\/\/salvadoracontece.com.br\/index.php\/wp-json\/wp\/v2\/users\/2"}],"replies":[{"embeddable":true,"href":"https:\/\/salvadoracontece.com.br\/index.php\/wp-json\/wp\/v2\/comments?post=4598"}],"version-history":[{"count":1,"href":"https:\/\/salvadoracontece.com.br\/index.php\/wp-json\/wp\/v2\/posts\/4598\/revisions"}],"predecessor-version":[{"id":4600,"href":"https:\/\/salvadoracontece.com.br\/index.php\/wp-json\/wp\/v2\/posts\/4598\/revisions\/4600"}],"wp:featuredmedia":[{"embeddable":true,"href":"https:\/\/salvadoracontece.com.br\/index.php\/wp-json\/wp\/v2\/media\/4599"}],"wp:attachment":[{"href":"https:\/\/salvadoracontece.com.br\/index.php\/wp-json\/wp\/v2\/media?parent=4598"}],"wp:term":[{"taxonomy":"category","embeddable":true,"href":"https:\/\/salvadoracontece.com.br\/index.php\/wp-json\/wp\/v2\/categories?post=4598"},{"taxonomy":"post_tag","embeddable":true,"href":"https:\/\/salvadoracontece.com.br\/index.php\/wp-json\/wp\/v2\/tags?post=4598"}],"curies":[{"name":"wp","href":"https:\/\/api.w.org\/{rel}","templated":true}]}}