{"id":4601,"date":"2023-09-28T15:56:42","date_gmt":"2023-09-28T18:56:42","guid":{"rendered":"https:\/\/salvadoracontece.com.br\/?p=4601"},"modified":"2023-09-28T15:56:43","modified_gmt":"2023-09-28T18:56:43","slug":"video-aviao-sovietico-com-cerca-de-140-pessoas-a-bordo-explode-segundos-apos-pousar-no-mali","status":"publish","type":"post","link":"https:\/\/salvadoracontece.com.br\/index.php\/2023\/09\/28\/video-aviao-sovietico-com-cerca-de-140-pessoas-a-bordo-explode-segundos-apos-pousar-no-mali\/","title":{"rendered":"V\u00eddeo: avi\u00e3o sovi\u00e9tico com cerca de 140 pessoas a bordo explode segundos ap\u00f3s pousar no Mali"},"content":{"rendered":"\n<p>Um avi\u00e3o sovi\u00e9tico explodiu logo ap\u00f3s pousar no Aeroporto Internacional de Gao, no Mali. A aeronave pertencia a empresa Ruby Star Airways, com sede em Minsk, em Belarus.<\/p>\n\n\n\n<p>O n\u00famero de mortos ainda n\u00e3o foi confirmado, a expectativa \u00e9 que ao menos 140 pessoas estivessem a bordo da aeronave. A informa\u00e7\u00e3o \u00e9 do portal\u00a0Metr\u00f3poles.<\/p>\n\n\n\n<p>O caso aconteceu no \u00faltimo s\u00e1bado (23), mas s\u00f3 ganhou repercuss\u00e3o na quarta-feira (27), quando as autoridades locais informaram que identificaram apenas uma das v\u00edtimas, que seria um tenente-coronel do Ex\u00e9rcito de Mali.<\/p>\n\n\n\n<p>Segundo a revista francesa Jeune Afrique, o avi\u00e3o transportava soldados do Grupo Wagner, criado pela R\u00fassia. No entanto, a informa\u00e7\u00e3o ainda n\u00e3o foi confirmada.<\/p>\n\n\n\n<p>O Grupo Wagner atua no Mali desde 2020, quando uma junta militar tomou o governo do pa\u00eds e expulsou tropas francesas sob acusa\u00e7\u00f5es de neocolonialismo.<\/p>\n\n\n\n<p>A explos\u00e3o da aeronave aconteceu semanas depois que o l\u00edder mercen\u00e1rio Yevgeny Prigozhin, que comandava o grupo, morreu em uma queda de avi\u00e3o perto de Moscou, capital da R\u00fassia. Confira o momento da explos\u00e3o:<\/p>\n\n\n\n<figure class=\"wp-block-embed is-type-rich is-provider-twitter wp-block-embed-twitter\"><div class=\"wp-block-embed__wrapper\">\n<blockquote class=\"twitter-tweet\" data-width=\"500\" data-dnt=\"true\"><p lang=\"pt\" dir=\"ltr\">\u27a1\ufe0f Avi\u00e3o sovi\u00e9tico explode segundos ap\u00f3s pousar no Mali<br><br>M\u00eddia francesa afirma que integrantes do Grupo Wagner estavam a bordo do avi\u00e3o. Entretanto, a informa\u00e7\u00e3o n\u00e3o foi confirmada<br><br>Leia: <a href=\"https:\/\/t.co\/ldmEzVfFrc\">https:\/\/t.co\/ldmEzVfFrc<\/a> <a href=\"https:\/\/t.co\/bmaIFIZdtA\">pic.twitter.com\/bmaIFIZdtA<\/a><\/p>&mdash; Metr\u00f3poles (@Metropoles) <a href=\"https:\/\/twitter.com\/Metropoles\/status\/1707191739134423315?ref_src=twsrc%5Etfw\">September 28, 2023<\/a><\/blockquote><script async src=\"https:\/\/platform.twitter.com\/widgets.js\" charset=\"utf-8\"><\/script>\n<\/div><figcaption class=\"wp-element-caption\">Fonte: Bahia Not\u00edcias <\/figcaption><\/figure>\n","protected":false},"excerpt":{"rendered":"<p>Um avi\u00e3o sovi\u00e9tico explodiu logo ap\u00f3s pousar no Aeroporto Internacional de Gao, no Mali. A aeronave pertencia a empresa Ruby Star Airways, com sede em Minsk, em Belarus. O n\u00famero de mortos ainda n\u00e3o foi confirmado, a expectativa \u00e9 que ao menos 140 pessoas estivessem a bordo da aeronave. A informa\u00e7\u00e3o \u00e9 do portal\u00a0Metr\u00f3poles. O [&hellip;]<\/p>\n","protected":false},"author":2,"featured_media":4602,"comment_status":"open","ping_status":"open","sticky":false,"template":"","format":"standard","meta":{"footnotes":""},"categories":[85],"tags":[],"class_list":["post-4601","post","type-post","status-publish","format-standard","has-post-thumbnail","hentry","category-noticias"],"_links":{"self":[{"href":"https:\/\/salvadoracontece.com.br\/index.php\/wp-json\/wp\/v2\/posts\/4601","targetHints":{"allow":["GET"]}}],"collection":[{"href":"https:\/\/salvadoracontece.com.br\/index.php\/wp-json\/wp\/v2\/posts"}],"about":[{"href":"https:\/\/salvadoracontece.com.br\/index.php\/wp-json\/wp\/v2\/types\/post"}],"author":[{"embeddable":true,"href":"https:\/\/salvadoracontece.com.br\/index.php\/wp-json\/wp\/v2\/users\/2"}],"replies":[{"embeddable":true,"href":"https:\/\/salvadoracontece.com.br\/index.php\/wp-json\/wp\/v2\/comments?post=4601"}],"version-history":[{"count":1,"href":"https:\/\/salvadoracontece.com.br\/index.php\/wp-json\/wp\/v2\/posts\/4601\/revisions"}],"predecessor-version":[{"id":4603,"href":"https:\/\/salvadoracontece.com.br\/index.php\/wp-json\/wp\/v2\/posts\/4601\/revisions\/4603"}],"wp:featuredmedia":[{"embeddable":true,"href":"https:\/\/salvadoracontece.com.br\/index.php\/wp-json\/wp\/v2\/media\/4602"}],"wp:attachment":[{"href":"https:\/\/salvadoracontece.com.br\/index.php\/wp-json\/wp\/v2\/media?parent=4601"}],"wp:term":[{"taxonomy":"category","embeddable":true,"href":"https:\/\/salvadoracontece.com.br\/index.php\/wp-json\/wp\/v2\/categories?post=4601"},{"taxonomy":"post_tag","embeddable":true,"href":"https:\/\/salvadoracontece.com.br\/index.php\/wp-json\/wp\/v2\/tags?post=4601"}],"curies":[{"name":"wp","href":"https:\/\/api.w.org\/{rel}","templated":true}]}}