{"id":4613,"date":"2023-09-29T10:07:57","date_gmt":"2023-09-29T13:07:57","guid":{"rendered":"https:\/\/salvadoracontece.com.br\/?p=4613"},"modified":"2023-09-29T10:07:59","modified_gmt":"2023-09-29T13:07:59","slug":"acidente-entre-motocicleta-e-carro-provoca-congestionamento-na-av-paralela","status":"publish","type":"post","link":"https:\/\/salvadoracontece.com.br\/index.php\/2023\/09\/29\/acidente-entre-motocicleta-e-carro-provoca-congestionamento-na-av-paralela\/","title":{"rendered":"Acidente entre motocicleta e carro provoca congestionamento na Av. Paralela"},"content":{"rendered":"\n<p>Um acidente entre um carro e uma motocicleta foi registrado na regi\u00e3o da Rodovi\u00e1ria de Salvador e provocou um congestionamento na Avenida Lu\u00eds Viana, conhecida popularmente como Av. Paralela.&nbsp;<\/p>\n\n\n\n<p>A batida entre os ve\u00edculos aconteceu no inicio da noite desta quinta-feira (28).&nbsp;<\/p>\n\n\n\n<p>O Servi\u00e7o de Atendimento M\u00f3vel de Urg\u00eancia foi acionado e acompanha o caso. N\u00e3o h\u00e1 informa\u00e7\u00f5es sobre estado de sa\u00fade dos envolvidos, nem o que teria motivado o acidente.&nbsp;<br>&nbsp;<\/p>\n\n\n\n<figure class=\"wp-block-image\"><img decoding=\"async\" src=\"https:\/\/api.varelanet.com.br\/fotos\/varela_noticias\/43344\/mg\/WhatsApp%20Image%202023-09-28%20at%2019.31.08..jpg\" alt=\"\"\/><\/figure>\n\n\n\n<p>Fonte: Varela Net <\/p>\n","protected":false},"excerpt":{"rendered":"<p>Um acidente entre um carro e uma motocicleta foi registrado na regi\u00e3o da Rodovi\u00e1ria de Salvador e provocou um congestionamento na Avenida Lu\u00eds Viana, conhecida popularmente como Av. Paralela.&nbsp; A batida entre os ve\u00edculos aconteceu no inicio da noite desta quinta-feira (28).&nbsp; O Servi\u00e7o de Atendimento M\u00f3vel de Urg\u00eancia foi acionado e acompanha o caso. [&hellip;]<\/p>\n","protected":false},"author":2,"featured_media":4614,"comment_status":"open","ping_status":"open","sticky":false,"template":"","format":"standard","meta":{"footnotes":""},"categories":[85],"tags":[],"class_list":["post-4613","post","type-post","status-publish","format-standard","has-post-thumbnail","hentry","category-noticias"],"_links":{"self":[{"href":"https:\/\/salvadoracontece.com.br\/index.php\/wp-json\/wp\/v2\/posts\/4613","targetHints":{"allow":["GET"]}}],"collection":[{"href":"https:\/\/salvadoracontece.com.br\/index.php\/wp-json\/wp\/v2\/posts"}],"about":[{"href":"https:\/\/salvadoracontece.com.br\/index.php\/wp-json\/wp\/v2\/types\/post"}],"author":[{"embeddable":true,"href":"https:\/\/salvadoracontece.com.br\/index.php\/wp-json\/wp\/v2\/users\/2"}],"replies":[{"embeddable":true,"href":"https:\/\/salvadoracontece.com.br\/index.php\/wp-json\/wp\/v2\/comments?post=4613"}],"version-history":[{"count":1,"href":"https:\/\/salvadoracontece.com.br\/index.php\/wp-json\/wp\/v2\/posts\/4613\/revisions"}],"predecessor-version":[{"id":4615,"href":"https:\/\/salvadoracontece.com.br\/index.php\/wp-json\/wp\/v2\/posts\/4613\/revisions\/4615"}],"wp:featuredmedia":[{"embeddable":true,"href":"https:\/\/salvadoracontece.com.br\/index.php\/wp-json\/wp\/v2\/media\/4614"}],"wp:attachment":[{"href":"https:\/\/salvadoracontece.com.br\/index.php\/wp-json\/wp\/v2\/media?parent=4613"}],"wp:term":[{"taxonomy":"category","embeddable":true,"href":"https:\/\/salvadoracontece.com.br\/index.php\/wp-json\/wp\/v2\/categories?post=4613"},{"taxonomy":"post_tag","embeddable":true,"href":"https:\/\/salvadoracontece.com.br\/index.php\/wp-json\/wp\/v2\/tags?post=4613"}],"curies":[{"name":"wp","href":"https:\/\/api.w.org\/{rel}","templated":true}]}}