{"id":4616,"date":"2023-09-29T10:12:17","date_gmt":"2023-09-29T13:12:17","guid":{"rendered":"https:\/\/salvadoracontece.com.br\/?p=4616"},"modified":"2023-09-29T10:12:19","modified_gmt":"2023-09-29T13:12:19","slug":"obrigada-a-fazer-danca-motivacional-gerente-ganha-indenizacao-de-r-5-mil","status":"publish","type":"post","link":"https:\/\/salvadoracontece.com.br\/index.php\/2023\/09\/29\/obrigada-a-fazer-danca-motivacional-gerente-ganha-indenizacao-de-r-5-mil\/","title":{"rendered":"Obrigada a fazer dan\u00e7a motivacional, gerente ganha indeniza\u00e7\u00e3o de R$ 5 mil"},"content":{"rendered":"\n<p>O Tribunal Regional do Trabalho (TRT) determinou que a gerente de um supermercado em Salvador seja indenizada em R$5 mil por ter sido obrigada a realizar dan\u00e7as e c\u00e2nticos motivacionais durante reuni\u00f5es de trabalho. A decis\u00e3o foi anunciada na quinta-feira (28) e ainda \u00e9 pass\u00edvel de recurso.<\/p>\n\n\n\n<p>De acordo com o \u00f3rg\u00e3o, a empresa adotava uma pr\u00e1tica denominada &#8220;cheers&#8221;, termo em ingl\u00eas que significa &#8220;comemora\u00e7\u00e3o&#8221;, a qual era introduzida pelos superiores da funcion\u00e1ria. Essa pr\u00e1tica era apresentada como parte do m\u00e9todo de organiza\u00e7\u00e3o das unidades de venda.<\/p>\n\n\n\n<p>Embora as m\u00fasicas n\u00e3o contivessem conte\u00fado ofensivo, os funcion\u00e1rios eram obrigados a cantar as can\u00e7\u00f5es motivacionais, aplaudir e at\u00e9 mesmo rebolar. A empregada considerava a situa\u00e7\u00e3o humilhante.<\/p>\n\n\n\n<p>Segundo o desembargador Marcos Gurgel, relator do ac\u00f3rd\u00e3o, a pr\u00e1tica &#8220;exp\u00f5e o trabalhador a situa\u00e7\u00e3o vexat\u00f3ria&#8221;, o que \u00e9 considerado ilegal de acordo com o entendimento do Tribunal Superior do Trabalho (TST). Al\u00e9m disso, o desembargador argumenta que essa pr\u00e1tica constitui abuso de poder.<\/p>\n\n\n\n<p>Fonte: Varela Net <\/p>\n","protected":false},"excerpt":{"rendered":"<p>O Tribunal Regional do Trabalho (TRT) determinou que a gerente de um supermercado em Salvador seja indenizada em R$5 mil por ter sido obrigada a realizar dan\u00e7as e c\u00e2nticos motivacionais durante reuni\u00f5es de trabalho. A decis\u00e3o foi anunciada na quinta-feira (28) e ainda \u00e9 pass\u00edvel de recurso. De acordo com o \u00f3rg\u00e3o, a empresa adotava [&hellip;]<\/p>\n","protected":false},"author":2,"featured_media":4617,"comment_status":"open","ping_status":"open","sticky":false,"template":"","format":"standard","meta":{"footnotes":""},"categories":[108],"tags":[],"class_list":["post-4616","post","type-post","status-publish","format-standard","has-post-thumbnail","hentry","category-justica"],"_links":{"self":[{"href":"https:\/\/salvadoracontece.com.br\/index.php\/wp-json\/wp\/v2\/posts\/4616","targetHints":{"allow":["GET"]}}],"collection":[{"href":"https:\/\/salvadoracontece.com.br\/index.php\/wp-json\/wp\/v2\/posts"}],"about":[{"href":"https:\/\/salvadoracontece.com.br\/index.php\/wp-json\/wp\/v2\/types\/post"}],"author":[{"embeddable":true,"href":"https:\/\/salvadoracontece.com.br\/index.php\/wp-json\/wp\/v2\/users\/2"}],"replies":[{"embeddable":true,"href":"https:\/\/salvadoracontece.com.br\/index.php\/wp-json\/wp\/v2\/comments?post=4616"}],"version-history":[{"count":1,"href":"https:\/\/salvadoracontece.com.br\/index.php\/wp-json\/wp\/v2\/posts\/4616\/revisions"}],"predecessor-version":[{"id":4618,"href":"https:\/\/salvadoracontece.com.br\/index.php\/wp-json\/wp\/v2\/posts\/4616\/revisions\/4618"}],"wp:featuredmedia":[{"embeddable":true,"href":"https:\/\/salvadoracontece.com.br\/index.php\/wp-json\/wp\/v2\/media\/4617"}],"wp:attachment":[{"href":"https:\/\/salvadoracontece.com.br\/index.php\/wp-json\/wp\/v2\/media?parent=4616"}],"wp:term":[{"taxonomy":"category","embeddable":true,"href":"https:\/\/salvadoracontece.com.br\/index.php\/wp-json\/wp\/v2\/categories?post=4616"},{"taxonomy":"post_tag","embeddable":true,"href":"https:\/\/salvadoracontece.com.br\/index.php\/wp-json\/wp\/v2\/tags?post=4616"}],"curies":[{"name":"wp","href":"https:\/\/api.w.org\/{rel}","templated":true}]}}