{"id":4619,"date":"2023-09-29T10:30:38","date_gmt":"2023-09-29T13:30:38","guid":{"rendered":"https:\/\/salvadoracontece.com.br\/?p=4619"},"modified":"2023-09-29T10:30:40","modified_gmt":"2023-09-29T13:30:40","slug":"prefeito-do-interior-baiano-registra-boletim-apos-ser-perseguido-em-via-publica","status":"publish","type":"post","link":"https:\/\/salvadoracontece.com.br\/index.php\/2023\/09\/29\/prefeito-do-interior-baiano-registra-boletim-apos-ser-perseguido-em-via-publica\/","title":{"rendered":"Prefeito do interior baiano registra boletim ap\u00f3s ser perseguido em via p\u00fablica"},"content":{"rendered":"\n<p>O prefeito de\u00a0Irec\u00ea, no Centro Norte, Elmo Vaz (PSB), registrou um boletim de ocorr\u00eancia ap\u00f3s ter sofrido amea\u00e7a de moradores. Um homem que participou da a\u00e7\u00e3o foi preso pela Pol\u00edcia Militar. Segundo o Central Not\u00edcia, o fato ocorreu nesta quinta-feira (28). O gestor fez um v\u00eddeo para relatar o ocorrido.<\/p>\n\n\n\n<p>Conforme Elmo Vaz, ele sa\u00eda de uma emissora de r\u00e1dio a bordo de um carro quando percebeu que estava sendo seguido por homens em duas motocicletas. Vaz contou que passou a circular em uma pra\u00e7a, depois tomou o rumo de uma rua. Na via, outro carro teria se juntado \u00e0s motos e ele disse que se sentiu cercado. &nbsp;<\/p>\n\n\n\n<p>Os suspeitos ent\u00e3o passaram a bater no carro e come\u00e7aram a filmar o gestor. A persegui\u00e7\u00e3o teria continuado e s\u00f3 foi contida ap\u00f3s agentes da Companhia Independente de Policiamento Especializado (Cipe) Semi\u00e1rido conseguiu localizar um dos suspeitos. O homem preso \u00e9 acusado de invadir terrenos p\u00fablicos e privados.\u00a0 <\/p>\n\n\n\n<p>Fonte: Bahia Not\u00edcias <\/p>\n","protected":false},"excerpt":{"rendered":"<p>O prefeito de\u00a0Irec\u00ea, no Centro Norte, Elmo Vaz (PSB), registrou um boletim de ocorr\u00eancia ap\u00f3s ter sofrido amea\u00e7a de moradores. Um homem que participou da a\u00e7\u00e3o foi preso pela Pol\u00edcia Militar. Segundo o Central Not\u00edcia, o fato ocorreu nesta quinta-feira (28). O gestor fez um v\u00eddeo para relatar o ocorrido. Conforme Elmo Vaz, ele sa\u00eda [&hellip;]<\/p>\n","protected":false},"author":2,"featured_media":4620,"comment_status":"open","ping_status":"open","sticky":false,"template":"","format":"standard","meta":{"footnotes":""},"categories":[91],"tags":[],"class_list":["post-4619","post","type-post","status-publish","format-standard","has-post-thumbnail","hentry","category-politica"],"_links":{"self":[{"href":"https:\/\/salvadoracontece.com.br\/index.php\/wp-json\/wp\/v2\/posts\/4619","targetHints":{"allow":["GET"]}}],"collection":[{"href":"https:\/\/salvadoracontece.com.br\/index.php\/wp-json\/wp\/v2\/posts"}],"about":[{"href":"https:\/\/salvadoracontece.com.br\/index.php\/wp-json\/wp\/v2\/types\/post"}],"author":[{"embeddable":true,"href":"https:\/\/salvadoracontece.com.br\/index.php\/wp-json\/wp\/v2\/users\/2"}],"replies":[{"embeddable":true,"href":"https:\/\/salvadoracontece.com.br\/index.php\/wp-json\/wp\/v2\/comments?post=4619"}],"version-history":[{"count":1,"href":"https:\/\/salvadoracontece.com.br\/index.php\/wp-json\/wp\/v2\/posts\/4619\/revisions"}],"predecessor-version":[{"id":4621,"href":"https:\/\/salvadoracontece.com.br\/index.php\/wp-json\/wp\/v2\/posts\/4619\/revisions\/4621"}],"wp:featuredmedia":[{"embeddable":true,"href":"https:\/\/salvadoracontece.com.br\/index.php\/wp-json\/wp\/v2\/media\/4620"}],"wp:attachment":[{"href":"https:\/\/salvadoracontece.com.br\/index.php\/wp-json\/wp\/v2\/media?parent=4619"}],"wp:term":[{"taxonomy":"category","embeddable":true,"href":"https:\/\/salvadoracontece.com.br\/index.php\/wp-json\/wp\/v2\/categories?post=4619"},{"taxonomy":"post_tag","embeddable":true,"href":"https:\/\/salvadoracontece.com.br\/index.php\/wp-json\/wp\/v2\/tags?post=4619"}],"curies":[{"name":"wp","href":"https:\/\/api.w.org\/{rel}","templated":true}]}}