{"id":4625,"date":"2023-09-29T10:52:25","date_gmt":"2023-09-29T13:52:25","guid":{"rendered":"https:\/\/salvadoracontece.com.br\/?p=4625"},"modified":"2023-09-29T10:52:27","modified_gmt":"2023-09-29T13:52:27","slug":"wagner-diz-que-lula-priorizara-viagens-pelo-pais-em-2024-e-afirma-que-janja-causa-ciumes-no-governo","status":"publish","type":"post","link":"https:\/\/salvadoracontece.com.br\/index.php\/2023\/09\/29\/wagner-diz-que-lula-priorizara-viagens-pelo-pais-em-2024-e-afirma-que-janja-causa-ciumes-no-governo\/","title":{"rendered":"Wagner diz que Lula priorizar\u00e1 viagens pelo pa\u00eds em 2024 e afirma que Janja causa &#8220;ci\u00fames&#8221; no governo"},"content":{"rendered":"\n<p>Em entrevista para a\u00a0R\u00e1dio Metropole\u00a0nesta sexta-feira (29), o senador Jaques Wagner (PT), afirmou que o presidente Luiz In\u00e1cio Lula da Silva (PT) vai priorizar uma agenda nacional. O parlamentar ainda comentou sobre a rela\u00e7\u00e3o da primeira-dama Janja da Silva, e a pol\u00edtica governamental.<\/p>\n\n\n\n<p>De acordo com Wagner, neste primeiro ano de seu terceiro mandato, o governo federal recuperou um protagonismo internacional. \u201cA imagem estava muito acabada. O Brasil sumiu. Ele [Lula] hoje, no cen\u00e1rio internacional, se tiver, tem tr\u00eas ou quatro do tamanho dele. Todo mundo quer conversar com ele\u201d, afirmou. Com as rela\u00e7\u00f5es exteriores retomadas, a agenda presid\u00eancial ter\u00e1 como foco o cen\u00e1rio ambiental em todo o pa\u00eds.<\/p>\n\n\n\n<p>Ainda durante a entrevista, o parlamentar comentou que a rela\u00e7\u00e3o de Janja com a pol\u00edtica causa certo ci\u00fames em integrantes do governo. \u201cEla tem protagonismo realmente [&#8230;] A Janja diz: &#8216;n\u00e3o estou aqui de enfeite&#8217;. \u00c9 um direito dela. Se \u00e0s vezes passa do ponto ou n\u00e3o passa, \u00e9 ciumeira\u201d, declarou.<\/p>\n\n\n\n<p>Ele ainda afirmou achar muito dif\u00edcil ver a primeira-dama adentrar de fato o debate pol\u00edtico. \u201c\u00d3bvio que ela vai dar a opini\u00e3o dela. N\u00e3o sei nem se \u00e9 o desejo dela entrar na pol\u00edtica. N\u00e3o vejo ela na pol\u00edtica institucional, substituta eventual dele [Lula]. Mas o futuro a Deus pertence\u201d, pontuou. <\/p>\n\n\n\n<p>Fonte: Metro1 <\/p>\n","protected":false},"excerpt":{"rendered":"<p>Em entrevista para a\u00a0R\u00e1dio Metropole\u00a0nesta sexta-feira (29), o senador Jaques Wagner (PT), afirmou que o presidente Luiz In\u00e1cio Lula da Silva (PT) vai priorizar uma agenda nacional. O parlamentar ainda comentou sobre a rela\u00e7\u00e3o da primeira-dama Janja da Silva, e a pol\u00edtica governamental. De acordo com Wagner, neste primeiro ano de seu terceiro mandato, o [&hellip;]<\/p>\n","protected":false},"author":2,"featured_media":4626,"comment_status":"open","ping_status":"open","sticky":false,"template":"","format":"standard","meta":{"footnotes":""},"categories":[91],"tags":[],"class_list":["post-4625","post","type-post","status-publish","format-standard","has-post-thumbnail","hentry","category-politica"],"_links":{"self":[{"href":"https:\/\/salvadoracontece.com.br\/index.php\/wp-json\/wp\/v2\/posts\/4625","targetHints":{"allow":["GET"]}}],"collection":[{"href":"https:\/\/salvadoracontece.com.br\/index.php\/wp-json\/wp\/v2\/posts"}],"about":[{"href":"https:\/\/salvadoracontece.com.br\/index.php\/wp-json\/wp\/v2\/types\/post"}],"author":[{"embeddable":true,"href":"https:\/\/salvadoracontece.com.br\/index.php\/wp-json\/wp\/v2\/users\/2"}],"replies":[{"embeddable":true,"href":"https:\/\/salvadoracontece.com.br\/index.php\/wp-json\/wp\/v2\/comments?post=4625"}],"version-history":[{"count":1,"href":"https:\/\/salvadoracontece.com.br\/index.php\/wp-json\/wp\/v2\/posts\/4625\/revisions"}],"predecessor-version":[{"id":4627,"href":"https:\/\/salvadoracontece.com.br\/index.php\/wp-json\/wp\/v2\/posts\/4625\/revisions\/4627"}],"wp:featuredmedia":[{"embeddable":true,"href":"https:\/\/salvadoracontece.com.br\/index.php\/wp-json\/wp\/v2\/media\/4626"}],"wp:attachment":[{"href":"https:\/\/salvadoracontece.com.br\/index.php\/wp-json\/wp\/v2\/media?parent=4625"}],"wp:term":[{"taxonomy":"category","embeddable":true,"href":"https:\/\/salvadoracontece.com.br\/index.php\/wp-json\/wp\/v2\/categories?post=4625"},{"taxonomy":"post_tag","embeddable":true,"href":"https:\/\/salvadoracontece.com.br\/index.php\/wp-json\/wp\/v2\/tags?post=4625"}],"curies":[{"name":"wp","href":"https:\/\/api.w.org\/{rel}","templated":true}]}}