{"id":4628,"date":"2023-09-29T11:07:00","date_gmt":"2023-09-29T14:07:00","guid":{"rendered":"https:\/\/salvadoracontece.com.br\/?p=4628"},"modified":"2023-09-29T11:07:03","modified_gmt":"2023-09-29T14:07:03","slug":"sextou-previsao-de-festa-rubro-negra-no-barradao","status":"publish","type":"post","link":"https:\/\/salvadoracontece.com.br\/index.php\/2023\/09\/29\/sextou-previsao-de-festa-rubro-negra-no-barradao\/","title":{"rendered":"Sextou: Previs\u00e3o de festa rubro-negra no Barrad\u00e3o"},"content":{"rendered":"\n<p>Apesar do hor\u00e1rio, jogo \u00e0s 21h30, para atender a grade de programa\u00e7\u00e3o da Rede de TV, vale aqui repetir o lugar comum: todos os caminhos desta sexta-feira levam para a Toca do Le\u00e3o. At\u00e9 ontem, mais de 20 mil ingressos j\u00e1 estavam vendidos para o jogo contra o Tombense, v\u00e1lido pela 30\u00aa rodada da S\u00e9rie B, com o Rubro-negro baiano, sob o comando do t\u00e9cnico L\u00e9o Cond\u00e9, e com o apoio da sua euf\u00f3rica torcida nas arquibancadas do Barrad\u00e3o, vencer e manter a lideran\u00e7a isolada do G-4, no caminho de volta \u00e0 1\u00aa Divis\u00e3o do Campeonato Brasileiro da CBF em 2024. Partida com transmiss\u00e3o ao vivo pela TV Bandeirantes, canal aberto, e os canais por assi natura da SporTV e Premi\u00e9re.<\/p>\n\n\n\n<p>L\u00edder isolado com 55 pontos, o site de progn\u00f3sticos de futebol no Brasil, o infobola, aponta o Vit\u00f3ria com 99% de probabilidades de subir para a S\u00e9rie A da CBF em 2024, e o seu advers\u00e1rio desta noite no Barrad\u00e3o, o time mineiro do Tombense, 18\u00ba colocado com 26 pontos, com \u00edndice de risco de 82% de queda para a S\u00e9rie C do Brasileiro, faltando apenas nove rodadas, incluindo os jogos desta sexta-feira, para o t\u00e9rmino da 2\u00aa Divis\u00e3o do Brasileiro com 38 rodadas.<\/p>\n\n\n\n<p>Com garantia de um grande p\u00fablico hoje \u00e0 noite, a Secretaria de Mobilidade da Prefeitura vai ativar a linha especial Est\u00e1dio Barrad\u00e3o \u2013 Esta\u00e7\u00e3o Flamboyant, c\u00f3digo 1899, com oito ve\u00edculos para atender o torcedor. A CCR, respons\u00e1vel pelo metr\u00f4 de Salvador, comunica que a Esta\u00e7\u00e3o Flamboyant estar\u00e1 operando at\u00e9 \u00e0s 00:30 de s\u00e1bado. Os ve\u00edculos da linha especial ficar\u00e3o \u00e0 disposi\u00e7\u00e3o em dois hor\u00e1rios: das 19 horas \u00e0s 21h30, e das 23h15 \u00e0s 1h15.&nbsp;<\/p>\n\n\n\n<p><strong>Ficha<\/strong>\u00a0\u2013 O \u00e1rbitro Marcelo de Lima Henrique apita o jogo no Barrad\u00e3o, com apoio\u00a0de\u00a0Philip Georg Bennett,\u00a0no VAR;\u00a0<strong>Vit\u00f3ria<\/strong>\u00a0&#8211; Lucas Arcanjo; Yan Souto, Camutanga, Wagner Leonardo e Edson Lucas; Dudu, Rodrigo And rade e \u00a0Matheuzinho; Osvaldo, L\u00e9o Gamalho e Mateus Gon\u00e7alves; T\u00e9cnico: L\u00e9o Cond\u00e9;\u00a0<strong>Tombense<\/strong>\u00a0&#8211; Felipe Garcia; Pedro Costa, Ednei, Roger Carvalho e Eg\u00eddio; Z\u00e9 Ricardo, Bruninho e Matheus Frizzo; Kleiton, Daniel Amorim e Marcelinho; T\u00e9cnico: Moacir; Junior; A 30\u00aa rodada tem outro jogo hoje, \u00e0s 19h, Ava\u00ed x Sport.<\/p>\n\n\n\n<p>Fonte: TRBN<\/p>\n","protected":false},"excerpt":{"rendered":"<p>Apesar do hor\u00e1rio, jogo \u00e0s 21h30, para atender a grade de programa\u00e7\u00e3o da Rede de TV, vale aqui repetir o lugar comum: todos os caminhos desta sexta-feira levam para a Toca do Le\u00e3o. At\u00e9 ontem, mais de 20 mil ingressos j\u00e1 estavam vendidos para o jogo contra o Tombense, v\u00e1lido pela 30\u00aa rodada da S\u00e9rie [&hellip;]<\/p>\n","protected":false},"author":2,"featured_media":4629,"comment_status":"open","ping_status":"open","sticky":false,"template":"","format":"standard","meta":{"footnotes":""},"categories":[89],"tags":[],"class_list":["post-4628","post","type-post","status-publish","format-standard","has-post-thumbnail","hentry","category-esportes"],"_links":{"self":[{"href":"https:\/\/salvadoracontece.com.br\/index.php\/wp-json\/wp\/v2\/posts\/4628","targetHints":{"allow":["GET"]}}],"collection":[{"href":"https:\/\/salvadoracontece.com.br\/index.php\/wp-json\/wp\/v2\/posts"}],"about":[{"href":"https:\/\/salvadoracontece.com.br\/index.php\/wp-json\/wp\/v2\/types\/post"}],"author":[{"embeddable":true,"href":"https:\/\/salvadoracontece.com.br\/index.php\/wp-json\/wp\/v2\/users\/2"}],"replies":[{"embeddable":true,"href":"https:\/\/salvadoracontece.com.br\/index.php\/wp-json\/wp\/v2\/comments?post=4628"}],"version-history":[{"count":1,"href":"https:\/\/salvadoracontece.com.br\/index.php\/wp-json\/wp\/v2\/posts\/4628\/revisions"}],"predecessor-version":[{"id":4630,"href":"https:\/\/salvadoracontece.com.br\/index.php\/wp-json\/wp\/v2\/posts\/4628\/revisions\/4630"}],"wp:featuredmedia":[{"embeddable":true,"href":"https:\/\/salvadoracontece.com.br\/index.php\/wp-json\/wp\/v2\/media\/4629"}],"wp:attachment":[{"href":"https:\/\/salvadoracontece.com.br\/index.php\/wp-json\/wp\/v2\/media?parent=4628"}],"wp:term":[{"taxonomy":"category","embeddable":true,"href":"https:\/\/salvadoracontece.com.br\/index.php\/wp-json\/wp\/v2\/categories?post=4628"},{"taxonomy":"post_tag","embeddable":true,"href":"https:\/\/salvadoracontece.com.br\/index.php\/wp-json\/wp\/v2\/tags?post=4628"}],"curies":[{"name":"wp","href":"https:\/\/api.w.org\/{rel}","templated":true}]}}