{"id":4631,"date":"2023-09-29T11:18:35","date_gmt":"2023-09-29T14:18:35","guid":{"rendered":"https:\/\/salvadoracontece.com.br\/?p=4631"},"modified":"2023-09-29T11:18:37","modified_gmt":"2023-09-29T14:18:37","slug":"prefeitura-cancela-shows-do-festival-da-primavera-em-periperi-apos-recomendacao-da-policia-militar","status":"publish","type":"post","link":"https:\/\/salvadoracontece.com.br\/index.php\/2023\/09\/29\/prefeitura-cancela-shows-do-festival-da-primavera-em-periperi-apos-recomendacao-da-policia-militar\/","title":{"rendered":"Prefeitura cancela shows do Festival da Primavera em Periperi ap\u00f3s recomenda\u00e7\u00e3o da Pol\u00edcia Militar"},"content":{"rendered":"\n<p>A prefeitura de Salvador decidiu cancelar os shows que seriam realizados neste s\u00e1bado (30), no bairro de Periperi, dentro da\u00a0programa\u00e7\u00e3o do Festival da Primavera. De acordo com a Secretaria de Comunica\u00e7\u00e3o, a decis\u00e3o foi tomada ap\u00f3s di\u00e1logo com a Pol\u00edcia Militar (PM).<\/p>\n\n\n\n<p>Em nota, a gest\u00e3o disse ainda que se compromete a reagendar o evento para uma data oportuna. A prefeitura ressalta que o Festival da Primavera segue com programa\u00e7\u00e3o para esse final de semana no Campo Grande, Cajazeiras e espa\u00e7os culturais.<\/p>\n\n\n\n<p>Fonte: Bahia Not\u00edcias<\/p>\n","protected":false},"excerpt":{"rendered":"<p>A prefeitura de Salvador decidiu cancelar os shows que seriam realizados neste s\u00e1bado (30), no bairro de Periperi, dentro da\u00a0programa\u00e7\u00e3o do Festival da Primavera. De acordo com a Secretaria de Comunica\u00e7\u00e3o, a decis\u00e3o foi tomada ap\u00f3s di\u00e1logo com a Pol\u00edcia Militar (PM). Em nota, a gest\u00e3o disse ainda que se compromete a reagendar o evento [&hellip;]<\/p>\n","protected":false},"author":2,"featured_media":4632,"comment_status":"open","ping_status":"open","sticky":false,"template":"","format":"standard","meta":{"footnotes":""},"categories":[85],"tags":[],"class_list":["post-4631","post","type-post","status-publish","format-standard","has-post-thumbnail","hentry","category-noticias"],"_links":{"self":[{"href":"https:\/\/salvadoracontece.com.br\/index.php\/wp-json\/wp\/v2\/posts\/4631","targetHints":{"allow":["GET"]}}],"collection":[{"href":"https:\/\/salvadoracontece.com.br\/index.php\/wp-json\/wp\/v2\/posts"}],"about":[{"href":"https:\/\/salvadoracontece.com.br\/index.php\/wp-json\/wp\/v2\/types\/post"}],"author":[{"embeddable":true,"href":"https:\/\/salvadoracontece.com.br\/index.php\/wp-json\/wp\/v2\/users\/2"}],"replies":[{"embeddable":true,"href":"https:\/\/salvadoracontece.com.br\/index.php\/wp-json\/wp\/v2\/comments?post=4631"}],"version-history":[{"count":1,"href":"https:\/\/salvadoracontece.com.br\/index.php\/wp-json\/wp\/v2\/posts\/4631\/revisions"}],"predecessor-version":[{"id":4633,"href":"https:\/\/salvadoracontece.com.br\/index.php\/wp-json\/wp\/v2\/posts\/4631\/revisions\/4633"}],"wp:featuredmedia":[{"embeddable":true,"href":"https:\/\/salvadoracontece.com.br\/index.php\/wp-json\/wp\/v2\/media\/4632"}],"wp:attachment":[{"href":"https:\/\/salvadoracontece.com.br\/index.php\/wp-json\/wp\/v2\/media?parent=4631"}],"wp:term":[{"taxonomy":"category","embeddable":true,"href":"https:\/\/salvadoracontece.com.br\/index.php\/wp-json\/wp\/v2\/categories?post=4631"},{"taxonomy":"post_tag","embeddable":true,"href":"https:\/\/salvadoracontece.com.br\/index.php\/wp-json\/wp\/v2\/tags?post=4631"}],"curies":[{"name":"wp","href":"https:\/\/api.w.org\/{rel}","templated":true}]}}