{"id":4634,"date":"2023-09-29T11:32:44","date_gmt":"2023-09-29T14:32:44","guid":{"rendered":"https:\/\/salvadoracontece.com.br\/?p=4634"},"modified":"2023-09-29T11:32:46","modified_gmt":"2023-09-29T14:32:46","slug":"lesa-patria-saiba-quem-e-o-general-aliado-de-pazuello-alvo-da-pf","status":"publish","type":"post","link":"https:\/\/salvadoracontece.com.br\/index.php\/2023\/09\/29\/lesa-patria-saiba-quem-e-o-general-aliado-de-pazuello-alvo-da-pf\/","title":{"rendered":"Lesa P\u00e1tria: saiba quem \u00e9 o general aliado de Pazuello alvo da PF"},"content":{"rendered":"\n<p>O general da reserva Ridauto L\u00facio Fernandes \u00e9 o alvo da 18\u00aa fase da Opera\u00e7\u00e3o Lesa P\u00e1tria, deflagrada pela Pol\u00edcia Federal nesta sexta-feira (29). Com autoriza\u00e7\u00e3o do STF, policiais cumprem mandado de busca e apreens\u00e3o em endere\u00e7os do militar.<\/p>\n\n\n\n<p>Ridauto \u00e9 ex-diretor de Log\u00edstica do Minist\u00e9rio da Sa\u00fade durante a gest\u00e3o Eduardo Pazuello, de quem \u00e9 pr\u00f3ximo. Ele foi nomeado para o cargo em julho de 2021 e ficou at\u00e9 o final do governo Jair Bolsonaro, conforme informa\u00e7\u00f5es publicadas pelo\u00a0Metr\u00f3poles.<\/p>\n\n\n\n<p>O general assumiu o cargo na pasta no lugar de Roberto Dias Ferreira, exonerado do posto ap\u00f3s ser acusado de pedir propina para fechar um contrato para compra de vacina contra Covid-19 durante a pandemia.<\/p>\n\n\n\n<p>Enquanto estava na ativa, Ridauto integrou as For\u00e7as Especiais do Ex\u00e9rcito. O general foi um dos militares que visitaram na pris\u00e3o o tenente-coronel Mauro Cid, ex-ajudante de ordens de Bolsonaro. \u00c0 \u00e9poca, Ridauto afirmou que era uma visita \u201cpessoal\u201d.<\/p>\n\n\n\n<p>A opera\u00e7\u00e3o tem como objetivo de identificar os participantes dos ataques antidemocr\u00e1ticos de 8 de janeiro.\u00a0<\/p>\n\n\n\n<p>Fonte: Bahia Not\u00edcias <\/p>\n","protected":false},"excerpt":{"rendered":"<p>O general da reserva Ridauto L\u00facio Fernandes \u00e9 o alvo da 18\u00aa fase da Opera\u00e7\u00e3o Lesa P\u00e1tria, deflagrada pela Pol\u00edcia Federal nesta sexta-feira (29). Com autoriza\u00e7\u00e3o do STF, policiais cumprem mandado de busca e apreens\u00e3o em endere\u00e7os do militar. Ridauto \u00e9 ex-diretor de Log\u00edstica do Minist\u00e9rio da Sa\u00fade durante a gest\u00e3o Eduardo Pazuello, de quem [&hellip;]<\/p>\n","protected":false},"author":2,"featured_media":4635,"comment_status":"open","ping_status":"open","sticky":false,"template":"","format":"standard","meta":{"footnotes":""},"categories":[85],"tags":[],"class_list":["post-4634","post","type-post","status-publish","format-standard","has-post-thumbnail","hentry","category-noticias"],"_links":{"self":[{"href":"https:\/\/salvadoracontece.com.br\/index.php\/wp-json\/wp\/v2\/posts\/4634","targetHints":{"allow":["GET"]}}],"collection":[{"href":"https:\/\/salvadoracontece.com.br\/index.php\/wp-json\/wp\/v2\/posts"}],"about":[{"href":"https:\/\/salvadoracontece.com.br\/index.php\/wp-json\/wp\/v2\/types\/post"}],"author":[{"embeddable":true,"href":"https:\/\/salvadoracontece.com.br\/index.php\/wp-json\/wp\/v2\/users\/2"}],"replies":[{"embeddable":true,"href":"https:\/\/salvadoracontece.com.br\/index.php\/wp-json\/wp\/v2\/comments?post=4634"}],"version-history":[{"count":1,"href":"https:\/\/salvadoracontece.com.br\/index.php\/wp-json\/wp\/v2\/posts\/4634\/revisions"}],"predecessor-version":[{"id":4636,"href":"https:\/\/salvadoracontece.com.br\/index.php\/wp-json\/wp\/v2\/posts\/4634\/revisions\/4636"}],"wp:featuredmedia":[{"embeddable":true,"href":"https:\/\/salvadoracontece.com.br\/index.php\/wp-json\/wp\/v2\/media\/4635"}],"wp:attachment":[{"href":"https:\/\/salvadoracontece.com.br\/index.php\/wp-json\/wp\/v2\/media?parent=4634"}],"wp:term":[{"taxonomy":"category","embeddable":true,"href":"https:\/\/salvadoracontece.com.br\/index.php\/wp-json\/wp\/v2\/categories?post=4634"},{"taxonomy":"post_tag","embeddable":true,"href":"https:\/\/salvadoracontece.com.br\/index.php\/wp-json\/wp\/v2\/tags?post=4634"}],"curies":[{"name":"wp","href":"https:\/\/api.w.org\/{rel}","templated":true}]}}