{"id":4643,"date":"2023-10-02T10:08:32","date_gmt":"2023-10-02T13:08:32","guid":{"rendered":"https:\/\/salvadoracontece.com.br\/?p=4643"},"modified":"2023-10-02T10:08:33","modified_gmt":"2023-10-02T13:08:33","slug":"arvore-cai-e-interdita-via-no-campo-grande","status":"publish","type":"post","link":"https:\/\/salvadoracontece.com.br\/index.php\/2023\/10\/02\/arvore-cai-e-interdita-via-no-campo-grande\/","title":{"rendered":"\u00c1rvore cai e interdita via no Campo Grande"},"content":{"rendered":"\n<p>Uma \u00e1rvore caiu, danificou apartamentos e interditou uma via no Campo Grande, na manh\u00e3 deste domingo (1). A Secretaria de Manuten\u00e7\u00e3o da Cidade (Seman) j\u00e1 est\u00e1 no local retirando a \u00e1rvore, e n\u00e3o h\u00e1 registro de feridos na ocorr\u00eancia.<\/p>\n\n\n\n<p>De acordo com o Bahia Not\u00edcias, a est\u00e1 no local reorganizando o tr\u00e2nsito que est\u00e1 sendo desviado para a Avenida Padre Feij\u00f3. <\/p>\n\n\n\n<p><\/p>\n","protected":false},"excerpt":{"rendered":"<p>Uma \u00e1rvore caiu, danificou apartamentos e interditou uma via no Campo Grande, na manh\u00e3 deste domingo (1). A Secretaria de Manuten\u00e7\u00e3o da Cidade (Seman) j\u00e1 est\u00e1 no local retirando a \u00e1rvore, e n\u00e3o h\u00e1 registro de feridos na ocorr\u00eancia. De acordo com o Bahia Not\u00edcias, a est\u00e1 no local reorganizando o tr\u00e2nsito que est\u00e1 sendo [&hellip;]<\/p>\n","protected":false},"author":2,"featured_media":4644,"comment_status":"open","ping_status":"open","sticky":false,"template":"","format":"standard","meta":{"footnotes":""},"categories":[85],"tags":[],"class_list":["post-4643","post","type-post","status-publish","format-standard","has-post-thumbnail","hentry","category-noticias"],"_links":{"self":[{"href":"https:\/\/salvadoracontece.com.br\/index.php\/wp-json\/wp\/v2\/posts\/4643","targetHints":{"allow":["GET"]}}],"collection":[{"href":"https:\/\/salvadoracontece.com.br\/index.php\/wp-json\/wp\/v2\/posts"}],"about":[{"href":"https:\/\/salvadoracontece.com.br\/index.php\/wp-json\/wp\/v2\/types\/post"}],"author":[{"embeddable":true,"href":"https:\/\/salvadoracontece.com.br\/index.php\/wp-json\/wp\/v2\/users\/2"}],"replies":[{"embeddable":true,"href":"https:\/\/salvadoracontece.com.br\/index.php\/wp-json\/wp\/v2\/comments?post=4643"}],"version-history":[{"count":1,"href":"https:\/\/salvadoracontece.com.br\/index.php\/wp-json\/wp\/v2\/posts\/4643\/revisions"}],"predecessor-version":[{"id":4645,"href":"https:\/\/salvadoracontece.com.br\/index.php\/wp-json\/wp\/v2\/posts\/4643\/revisions\/4645"}],"wp:featuredmedia":[{"embeddable":true,"href":"https:\/\/salvadoracontece.com.br\/index.php\/wp-json\/wp\/v2\/media\/4644"}],"wp:attachment":[{"href":"https:\/\/salvadoracontece.com.br\/index.php\/wp-json\/wp\/v2\/media?parent=4643"}],"wp:term":[{"taxonomy":"category","embeddable":true,"href":"https:\/\/salvadoracontece.com.br\/index.php\/wp-json\/wp\/v2\/categories?post=4643"},{"taxonomy":"post_tag","embeddable":true,"href":"https:\/\/salvadoracontece.com.br\/index.php\/wp-json\/wp\/v2\/tags?post=4643"}],"curies":[{"name":"wp","href":"https:\/\/api.w.org\/{rel}","templated":true}]}}