{"id":465,"date":"2023-07-12T14:38:55","date_gmt":"2023-07-12T17:38:55","guid":{"rendered":"http:\/\/salvadoracontece.com.br\/?p=228"},"modified":"2023-07-12T14:38:55","modified_gmt":"2023-07-12T17:38:55","slug":"lula-sugere-criacao-de-programa-de-descontos-para-compra-de-eletrodomesticos","status":"publish","type":"post","link":"https:\/\/salvadoracontece.com.br\/index.php\/2023\/07\/12\/lula-sugere-criacao-de-programa-de-descontos-para-compra-de-eletrodomesticos\/","title":{"rendered":"Lula sugere cria\u00e7\u00e3o de programa de descontos para compra de eletrodom\u00e9sticos"},"content":{"rendered":"\n<p>O presidente Luiz In\u00e1cio Lula da Silva sugeriu nesta quarta-feira a cria\u00e7\u00e3o de um programa de incentivo \u00e0 compra de eletrodom\u00e9sticos da chamada linha branca, como televis\u00e3o, geladeira e m\u00e1quina de lavar roupas. A sugest\u00e3o de Lula foi direcionada ao vice-presidente e ministro do Desenvolvimento, Ind\u00fastria e Com\u00e9rcio, Geraldo Alckmin (PSB).<\/p>\n\n\n\n<p>\u2014 Falei para o Alckmin: &#8216;Que tal a gente fazer uma \u2018aberturazinha\u2019 para a linha branca?&#8217; Facilitar a compra de geladeira, de televis\u00e3o, de m\u00e1quina de lavar roupa. As pessoas, de quando em quando, precisam trocar os seus utens\u00edlios dom\u00e9sticos. Quando a geladeira velha est\u00e1 batendo, n\u00e3o est\u00e1 gelando a cerveja bem, e est\u00e1 gastando muita energia, voc\u00ea tem que trocar. E, se est\u00e1 caro, vamos baratear, tentar encontrar um jeito \u2014 declarou Lula.<\/p>\n","protected":false},"excerpt":{"rendered":"<p>O presidente Luiz In\u00e1cio Lula da Silva sugeriu nesta quarta-feira a cria\u00e7\u00e3o de um programa de incentivo \u00e0 compra de eletrodom\u00e9sticos da chamada linha branca, como televis\u00e3o, geladeira e m\u00e1quina de lavar roupas. A sugest\u00e3o de Lula foi direcionada ao vice-presidente e ministro do Desenvolvimento, Ind\u00fastria e Com\u00e9rcio, Geraldo Alckmin (PSB). \u2014 Falei para o [&hellip;]<\/p>\n","protected":false},"author":1,"featured_media":764,"comment_status":"open","ping_status":"open","sticky":false,"template":"","format":"standard","meta":{"footnotes":""},"categories":[91],"tags":[],"class_list":["post-465","post","type-post","status-publish","format-standard","has-post-thumbnail","hentry","category-politica"],"_links":{"self":[{"href":"https:\/\/salvadoracontece.com.br\/index.php\/wp-json\/wp\/v2\/posts\/465","targetHints":{"allow":["GET"]}}],"collection":[{"href":"https:\/\/salvadoracontece.com.br\/index.php\/wp-json\/wp\/v2\/posts"}],"about":[{"href":"https:\/\/salvadoracontece.com.br\/index.php\/wp-json\/wp\/v2\/types\/post"}],"author":[{"embeddable":true,"href":"https:\/\/salvadoracontece.com.br\/index.php\/wp-json\/wp\/v2\/users\/1"}],"replies":[{"embeddable":true,"href":"https:\/\/salvadoracontece.com.br\/index.php\/wp-json\/wp\/v2\/comments?post=465"}],"version-history":[{"count":0,"href":"https:\/\/salvadoracontece.com.br\/index.php\/wp-json\/wp\/v2\/posts\/465\/revisions"}],"wp:featuredmedia":[{"embeddable":true,"href":"https:\/\/salvadoracontece.com.br\/index.php\/wp-json\/wp\/v2\/media\/764"}],"wp:attachment":[{"href":"https:\/\/salvadoracontece.com.br\/index.php\/wp-json\/wp\/v2\/media?parent=465"}],"wp:term":[{"taxonomy":"category","embeddable":true,"href":"https:\/\/salvadoracontece.com.br\/index.php\/wp-json\/wp\/v2\/categories?post=465"},{"taxonomy":"post_tag","embeddable":true,"href":"https:\/\/salvadoracontece.com.br\/index.php\/wp-json\/wp\/v2\/tags?post=465"}],"curies":[{"name":"wp","href":"https:\/\/api.w.org\/{rel}","templated":true}]}}