{"id":4658,"date":"2023-10-02T10:46:17","date_gmt":"2023-10-02T13:46:17","guid":{"rendered":"https:\/\/salvadoracontece.com.br\/?p=4658"},"modified":"2023-10-02T10:46:18","modified_gmt":"2023-10-02T13:46:18","slug":"menina-de-6-anos-morta-a-tiros-dormia-na-cama-com-pais-quando-foi-baleada-em-salvador","status":"publish","type":"post","link":"https:\/\/salvadoracontece.com.br\/index.php\/2023\/10\/02\/menina-de-6-anos-morta-a-tiros-dormia-na-cama-com-pais-quando-foi-baleada-em-salvador\/","title":{"rendered":"Menina de 6 anos morta a tiros dormia na cama com pais quando foi baleada em Salvador"},"content":{"rendered":"\n<p>A menina de 6 anos morta a tiros dormia na cama com os pais quando foi baleada, na madrugada deste domingo (01), a rua da Mangueira, em Mata Escura, bairro de Salvador. O padrasto da crian\u00e7a tamb\u00e9m foi atingido durante o ataque.&nbsp;<\/p>\n\n\n\n<p>A v\u00edtima, identificada como Sarah Sofia Santana de Jesus,\u00a0chegou a ser socorrida para Unidade de Pronto Atendimento (UPA) de Piraj\u00e1\/Santo In\u00e1cio, n\u00e3o resistiu aos ferimentos. Ainda n\u00e3o h\u00e1 informa\u00e7\u00f5es do estado de sa\u00fade do homem.<\/p>\n\n\n\n<p>Segundo a Pol\u00edcia Civil, um grupo de homens armados invadiu a casa e dispararam contra a fam\u00edlia, fugindo em seguida. As investiga\u00e7\u00f5es est\u00e3o a cargo do Departamento de Homic\u00eddios e Prote\u00e7\u00e3o \u00e0 Pessoa (DHPP) para identificar a autoria e a motiva\u00e7\u00e3o do crime. <\/p>\n\n\n\n<figure class=\"wp-block-image size-large\"><img loading=\"lazy\" decoding=\"async\" width=\"576\" height=\"1024\" src=\"https:\/\/salvadoracontece.com.br\/wp-content\/uploads\/2023\/10\/image-576x1024.png\" alt=\"\" class=\"wp-image-4660\" srcset=\"https:\/\/salvadoracontece.com.br\/wp-content\/uploads\/2023\/10\/image-576x1024.png 576w, https:\/\/salvadoracontece.com.br\/wp-content\/uploads\/2023\/10\/image-169x300.png 169w, https:\/\/salvadoracontece.com.br\/wp-content\/uploads\/2023\/10\/image-768x1365.png 768w, https:\/\/salvadoracontece.com.br\/wp-content\/uploads\/2023\/10\/image-864x1536.png 864w, https:\/\/salvadoracontece.com.br\/wp-content\/uploads\/2023\/10\/image.png 900w\" sizes=\"auto, (max-width: 576px) 100vw, 576px\" \/><\/figure>\n\n\n\n<p>Fonte: Bnews <\/p>\n","protected":false},"excerpt":{"rendered":"<p>A menina de 6 anos morta a tiros dormia na cama com os pais quando foi baleada, na madrugada deste domingo (01), a rua da Mangueira, em Mata Escura, bairro de Salvador. O padrasto da crian\u00e7a tamb\u00e9m foi atingido durante o ataque.&nbsp; A v\u00edtima, identificada como Sarah Sofia Santana de Jesus,\u00a0chegou a ser socorrida para [&hellip;]<\/p>\n","protected":false},"author":2,"featured_media":4659,"comment_status":"open","ping_status":"open","sticky":false,"template":"","format":"standard","meta":{"footnotes":""},"categories":[105],"tags":[],"class_list":["post-4658","post","type-post","status-publish","format-standard","has-post-thumbnail","hentry","category-policia"],"_links":{"self":[{"href":"https:\/\/salvadoracontece.com.br\/index.php\/wp-json\/wp\/v2\/posts\/4658","targetHints":{"allow":["GET"]}}],"collection":[{"href":"https:\/\/salvadoracontece.com.br\/index.php\/wp-json\/wp\/v2\/posts"}],"about":[{"href":"https:\/\/salvadoracontece.com.br\/index.php\/wp-json\/wp\/v2\/types\/post"}],"author":[{"embeddable":true,"href":"https:\/\/salvadoracontece.com.br\/index.php\/wp-json\/wp\/v2\/users\/2"}],"replies":[{"embeddable":true,"href":"https:\/\/salvadoracontece.com.br\/index.php\/wp-json\/wp\/v2\/comments?post=4658"}],"version-history":[{"count":1,"href":"https:\/\/salvadoracontece.com.br\/index.php\/wp-json\/wp\/v2\/posts\/4658\/revisions"}],"predecessor-version":[{"id":4661,"href":"https:\/\/salvadoracontece.com.br\/index.php\/wp-json\/wp\/v2\/posts\/4658\/revisions\/4661"}],"wp:featuredmedia":[{"embeddable":true,"href":"https:\/\/salvadoracontece.com.br\/index.php\/wp-json\/wp\/v2\/media\/4659"}],"wp:attachment":[{"href":"https:\/\/salvadoracontece.com.br\/index.php\/wp-json\/wp\/v2\/media?parent=4658"}],"wp:term":[{"taxonomy":"category","embeddable":true,"href":"https:\/\/salvadoracontece.com.br\/index.php\/wp-json\/wp\/v2\/categories?post=4658"},{"taxonomy":"post_tag","embeddable":true,"href":"https:\/\/salvadoracontece.com.br\/index.php\/wp-json\/wp\/v2\/tags?post=4658"}],"curies":[{"name":"wp","href":"https:\/\/api.w.org\/{rel}","templated":true}]}}