{"id":4666,"date":"2023-10-02T11:11:24","date_gmt":"2023-10-02T14:11:24","guid":{"rendered":"https:\/\/salvadoracontece.com.br\/?p=4666"},"modified":"2023-10-02T11:11:25","modified_gmt":"2023-10-02T14:11:25","slug":"bairro-de-salvador-vira-palco-de-disputa-por-ponto-de-trafico-de-drogas-e-tiroteio-assusta-moradores","status":"publish","type":"post","link":"https:\/\/salvadoracontece.com.br\/index.php\/2023\/10\/02\/bairro-de-salvador-vira-palco-de-disputa-por-ponto-de-trafico-de-drogas-e-tiroteio-assusta-moradores\/","title":{"rendered":"Bairro de Salvador vira palco de disputa por ponto de tr\u00e1fico de drogas e tiroteio assusta moradores"},"content":{"rendered":"\n<p>Uma rajada de tiros deixou os moradores assustados na Cidade Baixa de Salvador, na noite do \u00faltimo s\u00e1bado (30).\u00a0 Conforme apurado pelo\u00a0<strong>BNews<\/strong>, a localidade da Baixa do Petr\u00f3leo, pr\u00f3ximo \u00e0 rua do Tubar\u00e3o, em\u00a0Massaranduba, foi palco da guerra entre as fac\u00e7\u00f5es criminosas da capital baiana.\u00a0<\/p>\n\n\n\n<p>Testemunhas afirmam que um grupo suspeito de tr\u00e1fico de drogas da Prainha do Lobato, no Sub\u00farbio, invadiu o bairro da Cidade Baixa na tentativa do dom\u00ednio do ponto de tr\u00e1fico de drogas.\u00a0<\/p>\n\n\n\n<p>O\u00a0BNews\u00a0entrou em contato com a Pol\u00edcia Militar, que respondeu atrav\u00e9s de nota, que policiais da 17\u00aa Companhia Independente da Pol\u00edcia Militar (CIMP) e da CIPT Rondesp BTS foram acionadas pelo Cicom para averiguar a den\u00fancia de disparos de arma de fogo no local.<\/p>\n\n\n\n<p>Ainda segundo a PM, policiais iniciaram uma ca\u00e7ada na localidade, com intuito de localizar os criminosos, mas ningu\u00e9m foi encontrado. O policiamento foi intensificado na regi\u00e3o.<\/p>\n\n\n\n<p>Fonte: Bnews <\/p>\n\n\n\n<p><\/p>\n","protected":false},"excerpt":{"rendered":"<p>Uma rajada de tiros deixou os moradores assustados na Cidade Baixa de Salvador, na noite do \u00faltimo s\u00e1bado (30).\u00a0 Conforme apurado pelo\u00a0BNews, a localidade da Baixa do Petr\u00f3leo, pr\u00f3ximo \u00e0 rua do Tubar\u00e3o, em\u00a0Massaranduba, foi palco da guerra entre as fac\u00e7\u00f5es criminosas da capital baiana.\u00a0 Testemunhas afirmam que um grupo suspeito de tr\u00e1fico de drogas [&hellip;]<\/p>\n","protected":false},"author":2,"featured_media":4667,"comment_status":"open","ping_status":"open","sticky":false,"template":"","format":"standard","meta":{"footnotes":""},"categories":[105],"tags":[],"class_list":["post-4666","post","type-post","status-publish","format-standard","has-post-thumbnail","hentry","category-policia"],"_links":{"self":[{"href":"https:\/\/salvadoracontece.com.br\/index.php\/wp-json\/wp\/v2\/posts\/4666","targetHints":{"allow":["GET"]}}],"collection":[{"href":"https:\/\/salvadoracontece.com.br\/index.php\/wp-json\/wp\/v2\/posts"}],"about":[{"href":"https:\/\/salvadoracontece.com.br\/index.php\/wp-json\/wp\/v2\/types\/post"}],"author":[{"embeddable":true,"href":"https:\/\/salvadoracontece.com.br\/index.php\/wp-json\/wp\/v2\/users\/2"}],"replies":[{"embeddable":true,"href":"https:\/\/salvadoracontece.com.br\/index.php\/wp-json\/wp\/v2\/comments?post=4666"}],"version-history":[{"count":1,"href":"https:\/\/salvadoracontece.com.br\/index.php\/wp-json\/wp\/v2\/posts\/4666\/revisions"}],"predecessor-version":[{"id":4668,"href":"https:\/\/salvadoracontece.com.br\/index.php\/wp-json\/wp\/v2\/posts\/4666\/revisions\/4668"}],"wp:featuredmedia":[{"embeddable":true,"href":"https:\/\/salvadoracontece.com.br\/index.php\/wp-json\/wp\/v2\/media\/4667"}],"wp:attachment":[{"href":"https:\/\/salvadoracontece.com.br\/index.php\/wp-json\/wp\/v2\/media?parent=4666"}],"wp:term":[{"taxonomy":"category","embeddable":true,"href":"https:\/\/salvadoracontece.com.br\/index.php\/wp-json\/wp\/v2\/categories?post=4666"},{"taxonomy":"post_tag","embeddable":true,"href":"https:\/\/salvadoracontece.com.br\/index.php\/wp-json\/wp\/v2\/tags?post=4666"}],"curies":[{"name":"wp","href":"https:\/\/api.w.org\/{rel}","templated":true}]}}