{"id":4669,"date":"2023-10-02T11:38:14","date_gmt":"2023-10-02T14:38:14","guid":{"rendered":"https:\/\/salvadoracontece.com.br\/?p=4669"},"modified":"2023-10-02T11:38:16","modified_gmt":"2023-10-02T14:38:16","slug":"bahia-recebera-investimento-de-r-20-mi-da-uniao-para-combate-a-violencia","status":"publish","type":"post","link":"https:\/\/salvadoracontece.com.br\/index.php\/2023\/10\/02\/bahia-recebera-investimento-de-r-20-mi-da-uniao-para-combate-a-violencia\/","title":{"rendered":"Bahia receber\u00e1 investimento de R$ 20 mi da Uni\u00e3o para combate \u00e0 viol\u00eancia"},"content":{"rendered":"\n<p>O ministro da Justi\u00e7a e Seguran\u00e7a P\u00fablica, Fl\u00e1vio Dino, assinou nesta segunda-feira (2) duas portarias para aumentar o combate \u00e0 viol\u00eancia e ao crescimento de organiza\u00e7\u00f5es criminosas na Bahia e no Rio de Janeiro.<\/p>\n\n\n\n<p>Os dois estados t\u00eam enfrentado casos constantes de mortes e tiroteios nas \u00faltimas semanas, incluindo o aumento das mortes em confrontos com a pol\u00edcia.<\/p>\n\n\n\n<p>Na Bahia, a portaria projeta R$ 20 milh\u00f5es em recursos federais adicionais a serem investidos na seguran\u00e7a p\u00fablica do estado.<\/p>\n\n\n\n<p>Somente em setembro, foram 68 mortes na Bahia em confrontos com a pol\u00edcia.&nbsp;<\/p>\n\n\n\n<p>J\u00e1 no Rio de Janeiro, a proposta assinada por Dino autorizou a atua\u00e7\u00e3o da For\u00e7a Nacional em apoio \u00e0s equipes policiais.<\/p>\n\n\n\n<p>O estado tamb\u00e9m enfrenta sucessivos quadros de crise na seguran\u00e7a p\u00fablica nos \u00faltimos anos. Durante o \u00faltimo fim de semana, houve toque de recolher e confronto na Zona Norte da capital.<\/p>\n\n\n\n<p>Fonte: Bahia Not\u00edcias <\/p>\n","protected":false},"excerpt":{"rendered":"<p>O ministro da Justi\u00e7a e Seguran\u00e7a P\u00fablica, Fl\u00e1vio Dino, assinou nesta segunda-feira (2) duas portarias para aumentar o combate \u00e0 viol\u00eancia e ao crescimento de organiza\u00e7\u00f5es criminosas na Bahia e no Rio de Janeiro. Os dois estados t\u00eam enfrentado casos constantes de mortes e tiroteios nas \u00faltimas semanas, incluindo o aumento das mortes em confrontos [&hellip;]<\/p>\n","protected":false},"author":2,"featured_media":4670,"comment_status":"open","ping_status":"open","sticky":false,"template":"","format":"standard","meta":{"footnotes":""},"categories":[85],"tags":[],"class_list":["post-4669","post","type-post","status-publish","format-standard","has-post-thumbnail","hentry","category-noticias"],"_links":{"self":[{"href":"https:\/\/salvadoracontece.com.br\/index.php\/wp-json\/wp\/v2\/posts\/4669","targetHints":{"allow":["GET"]}}],"collection":[{"href":"https:\/\/salvadoracontece.com.br\/index.php\/wp-json\/wp\/v2\/posts"}],"about":[{"href":"https:\/\/salvadoracontece.com.br\/index.php\/wp-json\/wp\/v2\/types\/post"}],"author":[{"embeddable":true,"href":"https:\/\/salvadoracontece.com.br\/index.php\/wp-json\/wp\/v2\/users\/2"}],"replies":[{"embeddable":true,"href":"https:\/\/salvadoracontece.com.br\/index.php\/wp-json\/wp\/v2\/comments?post=4669"}],"version-history":[{"count":1,"href":"https:\/\/salvadoracontece.com.br\/index.php\/wp-json\/wp\/v2\/posts\/4669\/revisions"}],"predecessor-version":[{"id":4671,"href":"https:\/\/salvadoracontece.com.br\/index.php\/wp-json\/wp\/v2\/posts\/4669\/revisions\/4671"}],"wp:featuredmedia":[{"embeddable":true,"href":"https:\/\/salvadoracontece.com.br\/index.php\/wp-json\/wp\/v2\/media\/4670"}],"wp:attachment":[{"href":"https:\/\/salvadoracontece.com.br\/index.php\/wp-json\/wp\/v2\/media?parent=4669"}],"wp:term":[{"taxonomy":"category","embeddable":true,"href":"https:\/\/salvadoracontece.com.br\/index.php\/wp-json\/wp\/v2\/categories?post=4669"},{"taxonomy":"post_tag","embeddable":true,"href":"https:\/\/salvadoracontece.com.br\/index.php\/wp-json\/wp\/v2\/tags?post=4669"}],"curies":[{"name":"wp","href":"https:\/\/api.w.org\/{rel}","templated":true}]}}