{"id":4722,"date":"2023-10-03T10:25:56","date_gmt":"2023-10-03T13:25:56","guid":{"rendered":"https:\/\/salvadoracontece.com.br\/?p=4722"},"modified":"2023-10-03T10:25:58","modified_gmt":"2023-10-03T13:25:58","slug":"incendio-destroi-loja-de-eletrodomesticos-em-simoes-filho-regiao-metropolitana","status":"publish","type":"post","link":"https:\/\/salvadoracontece.com.br\/index.php\/2023\/10\/03\/incendio-destroi-loja-de-eletrodomesticos-em-simoes-filho-regiao-metropolitana\/","title":{"rendered":"Inc\u00eandio Destr\u00f3i Loja de Eletrodom\u00e9sticos em Sim\u00f5es Filho, Regi\u00e3o Metropolitana"},"content":{"rendered":"\n<p>Na noite da \u00faltima segunda-feira, 2 de outubro, um inc\u00eandio devastador consumiu por completo uma loja de eletrodom\u00e9sticos localizada na Avenida Rui Barbosa, no Centro da cidade de Sim\u00f5es Filho, na Regi\u00e3o Metropolitana de Salvador. O Corpo de Bombeiros recebeu o chamado por volta das 21h, e a \u00e1rdua batalha contra as chamas se estendeu at\u00e9 as primeiras horas da manh\u00e3 de hoje (03), quando finalmente o fogo foi controlado.<\/p>\n\n\n\n<p>Uma not\u00edcia aliviadora \u00e9 que n\u00e3o houve relatos de feridos durante o incidente. O inc\u00eandio teve in\u00edcio na parte superior do edif\u00edcio, mas as causas precisas que desencadearam essa trag\u00e9dia ainda ser\u00e3o determinadas por meio de per\u00edcia.<\/p>\n\n\n\n<p>\u00c9 importante destacar que, apesar da proximidade de outros estabelecimentos comerciais, o fogo n\u00e3o se espalhou para outras constru\u00e7\u00f5es, gra\u00e7as \u00e0 pronta a\u00e7\u00e3o dos bombeiros. No entanto, a \u00e1rea onde ocorreu o inc\u00eandio permanece isolada, e a Defesa Civil da cidade tamb\u00e9m realizar\u00e1 uma per\u00edcia para avaliar poss\u00edveis riscos remanescentes.<\/p>\n\n\n\n<p>Fonte: Varela Net <\/p>\n","protected":false},"excerpt":{"rendered":"<p>Na noite da \u00faltima segunda-feira, 2 de outubro, um inc\u00eandio devastador consumiu por completo uma loja de eletrodom\u00e9sticos localizada na Avenida Rui Barbosa, no Centro da cidade de Sim\u00f5es Filho, na Regi\u00e3o Metropolitana de Salvador. O Corpo de Bombeiros recebeu o chamado por volta das 21h, e a \u00e1rdua batalha contra as chamas se estendeu [&hellip;]<\/p>\n","protected":false},"author":2,"featured_media":4723,"comment_status":"open","ping_status":"open","sticky":false,"template":"","format":"standard","meta":{"footnotes":""},"categories":[85],"tags":[],"class_list":["post-4722","post","type-post","status-publish","format-standard","has-post-thumbnail","hentry","category-noticias"],"_links":{"self":[{"href":"https:\/\/salvadoracontece.com.br\/index.php\/wp-json\/wp\/v2\/posts\/4722","targetHints":{"allow":["GET"]}}],"collection":[{"href":"https:\/\/salvadoracontece.com.br\/index.php\/wp-json\/wp\/v2\/posts"}],"about":[{"href":"https:\/\/salvadoracontece.com.br\/index.php\/wp-json\/wp\/v2\/types\/post"}],"author":[{"embeddable":true,"href":"https:\/\/salvadoracontece.com.br\/index.php\/wp-json\/wp\/v2\/users\/2"}],"replies":[{"embeddable":true,"href":"https:\/\/salvadoracontece.com.br\/index.php\/wp-json\/wp\/v2\/comments?post=4722"}],"version-history":[{"count":1,"href":"https:\/\/salvadoracontece.com.br\/index.php\/wp-json\/wp\/v2\/posts\/4722\/revisions"}],"predecessor-version":[{"id":4724,"href":"https:\/\/salvadoracontece.com.br\/index.php\/wp-json\/wp\/v2\/posts\/4722\/revisions\/4724"}],"wp:featuredmedia":[{"embeddable":true,"href":"https:\/\/salvadoracontece.com.br\/index.php\/wp-json\/wp\/v2\/media\/4723"}],"wp:attachment":[{"href":"https:\/\/salvadoracontece.com.br\/index.php\/wp-json\/wp\/v2\/media?parent=4722"}],"wp:term":[{"taxonomy":"category","embeddable":true,"href":"https:\/\/salvadoracontece.com.br\/index.php\/wp-json\/wp\/v2\/categories?post=4722"},{"taxonomy":"post_tag","embeddable":true,"href":"https:\/\/salvadoracontece.com.br\/index.php\/wp-json\/wp\/v2\/tags?post=4722"}],"curies":[{"name":"wp","href":"https:\/\/api.w.org\/{rel}","templated":true}]}}