{"id":4737,"date":"2023-10-03T14:04:48","date_gmt":"2023-10-03T17:04:48","guid":{"rendered":"https:\/\/salvadoracontece.com.br\/?p=4737"},"modified":"2023-10-03T14:04:49","modified_gmt":"2023-10-03T17:04:49","slug":"lula-agradece-torcida-por-recuperacao-obrigado-pelas-oracoes-e-carinho","status":"publish","type":"post","link":"https:\/\/salvadoracontece.com.br\/index.php\/2023\/10\/03\/lula-agradece-torcida-por-recuperacao-obrigado-pelas-oracoes-e-carinho\/","title":{"rendered":"Lula agradece torcida por recupera\u00e7\u00e3o: \u201cObrigado pelas ora\u00e7\u00f5es e carinho\u201d"},"content":{"rendered":"\n<p>O presidente Luiz In\u00e1cio Lula da Silva (PT), que recebeu alta hospitalar neste domingo (1\u00ba), ap\u00f3s dois da cirurgia artroplastia total de quadril e blefaroplastia nas p\u00e1lpebras, usou seu perfil oficial no X, antigo Twitter, para agradecer quem torceu por sua recupera\u00e7\u00e3o.<\/p>\n\n\n\n<p>\u201cRecebi alta e j\u00e1 estou no Pal\u00e1cio da Alvorada, de onde irei trabalhar nas pr\u00f3ximas semanas. Obrigado pelas ora\u00e7\u00f5es e todas as mensagens de carinho. Estou me recuperando para trabalhar ainda mais pelo Brasil e correr uma maratona\u201d, disse o presidente na postagem.<\/p>\n\n\n\n<p>A primeira-dama, Ros\u00e2ngela Silva, a Janja, tamb\u00e9m usou seu perfil na rede social para agradecer \u00e0queles que desejaram a pronta melhora do presidente.<\/p>\n\n\n\n<p>Lula ainda estava internado na unidade do Hospital S\u00edrio-Liban\u00eas em Bras\u00edlia desde a sexta-feira (29). Ele foi submetido a uma cirurgia de artroplastia total de quadril e blefaroplastia nas p\u00e1lpebras.<\/p>\n\n\n\n<p>De acordo com o boletim m\u00e9dico emitido \u00e0s 10h deste domingo, Lula passou a noite est\u00e1vel e seguiu a recupera\u00e7\u00e3o realizando fisioterapia. Os m\u00e9dicos disseram que ele caminhou, subiu e desceu escadas com assist\u00eancia fisioterap\u00eautica, e que poderia receber alta ainda neste domingo.<\/p>\n\n\n\n<p>Ap\u00f3s o boletim, Janja tamb\u00e9m usou o antigo Twitter para comemorar a poss\u00edvel sa\u00edda neste domingo, o que acabou acontecendo.<\/p>\n\n\n\n<p>De acordo com o boletim m\u00e9dico da tarde deste domingo, o presidente recebeu alta \u201cap\u00f3s boa evolu\u00e7\u00e3o cl\u00ednica\u201d. A nota diz que Lula \u201cseguir\u00e1 em reabilita\u00e7\u00e3o ambulatorial aos cuidados das equipes<br>m\u00e9dicas do doutor. Roberto Kalil Filho, da doutora Ana Helena Germoglio e doutor Giancarlo Cavalli Polesello\u201d.<\/p>\n\n\n\n<p>\u201cAs equipes m\u00e9dicas do Prof. Dr. Roberto Kalil Filho, da Dra. Ana Helena Germoglio e Prof. Dr. Giancarlo Cavalli Polesello, respons\u00e1veis pelo seu cuidado, avaliam possibilidade de alta ainda para o dia de hoje\u201d, concluiu o boletim da manh\u00e3 deste domingo.<\/p>\n\n\n\n<p><strong>\u00c1rea reservada<\/strong><\/p>\n\n\n\n<p>Conforme apurou o rep\u00f3rter da CNN Teo Cury, Lula estava no hospital S\u00edrio-Liban\u00eas acompanhado da primeira-dama Ros\u00e2ngela Lula da Silva, a Janja.<\/p>\n\n\n\n<p>Por orienta\u00e7\u00e3o m\u00e9dica, o presidente n\u00e3o recebeu visitas e nem trabalhar enquanto estiver no hospital.<\/p>\n\n\n\n<p>O aposento em que o presidente se recuperou da cirurgia ficava no final do corredor de um dos andares do hospital. Para acomod\u00e1-lo, n\u00e3o foi necess\u00e1rio isolar o espa\u00e7o.<\/p>\n\n\n\n<p>O quarto de Lula contou com uma antessala que poderia ser usada para despachos e reuni\u00f5es, e abrigou os seguran\u00e7as que o escoltam.<\/p>\n\n\n\n<p>Foi nesta antessala que o presidente caminhou na manh\u00e3 deste s\u00e1bado (30) e realizou as primeiras sess\u00f5es de fisioterapia.<\/p>\n\n\n\n<p>O quarto com antessala foi adaptado quando o hospital, que tem sede em S\u00e3o Paulo, chegou a Bras\u00edlia.<\/p>\n\n\n\n<p>A adapta\u00e7\u00e3o teve como objetivo receber autoridades, personalidades e empres\u00e1rios de maneira reservada e para manter suas rotinas de atividades.<\/p>\n\n\n\n<p>A antessala permitiu que os seguran\u00e7as que integraram a escolta presidencial ficassem pr\u00f3ximos a Lula e n\u00e3o precisaram ocupar os corredores do hospital.<\/p>\n\n\n\n<p>O quarto com a configura\u00e7\u00e3o especial garantiu a privacidade do presidente e da primeira-dama e evitou que os demais pacientes do hospital fossem afetados pela presen\u00e7a do mandat\u00e1rio. Com isso, a rotina do hospital foi normal.<\/p>\n\n\n\n<p>O presidente n\u00e3o tem restri\u00e7\u00e3o alguma e seguiu uma dieta normal e balanceada.<\/p>\n\n\n\n<p>Lula dever\u00e1 permanecer por ao menos tr\u00eas semanas se recuperando no Pal\u00e1cio da Alvorada e de quatro a seis semanas sem viajar.<\/p>\n\n\n\n<p>O primeiro compromisso do presidente fora de Bras\u00edlia p\u00f3s-cirurgia deve acontecer no final de novembro.<\/p>\n\n\n\n<p>Lula participar\u00e1 da 28\u00aa Confer\u00eancia do Clima das Na\u00e7\u00f5es Unidas, COP28, nos Emirados \u00c1rabes Unidos. Na sequ\u00eancia, deve visitar a Alemanha.<\/p>\n\n\n\n<p>Fonte: CNN Brasil<\/p>\n","protected":false},"excerpt":{"rendered":"<p>O presidente Luiz In\u00e1cio Lula da Silva (PT), que recebeu alta hospitalar neste domingo (1\u00ba), ap\u00f3s dois da cirurgia artroplastia total de quadril e blefaroplastia nas p\u00e1lpebras, usou seu perfil oficial no X, antigo Twitter, para agradecer quem torceu por sua recupera\u00e7\u00e3o. \u201cRecebi alta e j\u00e1 estou no Pal\u00e1cio da Alvorada, de onde irei trabalhar [&hellip;]<\/p>\n","protected":false},"author":2,"featured_media":4739,"comment_status":"open","ping_status":"open","sticky":false,"template":"","format":"standard","meta":{"footnotes":""},"categories":[91],"tags":[],"class_list":["post-4737","post","type-post","status-publish","format-standard","has-post-thumbnail","hentry","category-politica"],"_links":{"self":[{"href":"https:\/\/salvadoracontece.com.br\/index.php\/wp-json\/wp\/v2\/posts\/4737","targetHints":{"allow":["GET"]}}],"collection":[{"href":"https:\/\/salvadoracontece.com.br\/index.php\/wp-json\/wp\/v2\/posts"}],"about":[{"href":"https:\/\/salvadoracontece.com.br\/index.php\/wp-json\/wp\/v2\/types\/post"}],"author":[{"embeddable":true,"href":"https:\/\/salvadoracontece.com.br\/index.php\/wp-json\/wp\/v2\/users\/2"}],"replies":[{"embeddable":true,"href":"https:\/\/salvadoracontece.com.br\/index.php\/wp-json\/wp\/v2\/comments?post=4737"}],"version-history":[{"count":1,"href":"https:\/\/salvadoracontece.com.br\/index.php\/wp-json\/wp\/v2\/posts\/4737\/revisions"}],"predecessor-version":[{"id":4740,"href":"https:\/\/salvadoracontece.com.br\/index.php\/wp-json\/wp\/v2\/posts\/4737\/revisions\/4740"}],"wp:featuredmedia":[{"embeddable":true,"href":"https:\/\/salvadoracontece.com.br\/index.php\/wp-json\/wp\/v2\/media\/4739"}],"wp:attachment":[{"href":"https:\/\/salvadoracontece.com.br\/index.php\/wp-json\/wp\/v2\/media?parent=4737"}],"wp:term":[{"taxonomy":"category","embeddable":true,"href":"https:\/\/salvadoracontece.com.br\/index.php\/wp-json\/wp\/v2\/categories?post=4737"},{"taxonomy":"post_tag","embeddable":true,"href":"https:\/\/salvadoracontece.com.br\/index.php\/wp-json\/wp\/v2\/tags?post=4737"}],"curies":[{"name":"wp","href":"https:\/\/api.w.org\/{rel}","templated":true}]}}