{"id":478,"date":"2023-07-14T09:56:54","date_gmt":"2023-07-14T12:56:54","guid":{"rendered":"http:\/\/salvadoracontece.com.br\/?p=351"},"modified":"2023-07-14T09:56:54","modified_gmt":"2023-07-14T12:56:54","slug":"placas-com-finais-9-e-0-tem-10-de-desconto-no-ipva-ate-27-e-28-de-julho","status":"publish","type":"post","link":"https:\/\/salvadoracontece.com.br\/index.php\/2023\/07\/14\/placas-com-finais-9-e-0-tem-10-de-desconto-no-ipva-ate-27-e-28-de-julho\/","title":{"rendered":"Placas com finais 9 e 0 tem 10% de desconto no IPVA at\u00e9 27 e 28 de julho"},"content":{"rendered":"\n<p>Propriet\u00e1rios de autom\u00f3veis com placas de final 9 e 0 t\u00eam at\u00e9 os dias 27 e 28 de julho para pagar o Imposto sobre Propriedade de Ve\u00edculos Automotores (IPVA) de 2023 com 10% de desconto, \u00e0 vista. Para os que optarem por parcelar o pagamento em at\u00e9 cinco vezes, o vencimento da primeira cota ocorre nestas mesmas datas, sem o desconto.<\/p>\n\n\n\n<p>Tamb\u00e9m possuem prazos terminando em julho os contribuintes com ve\u00edculos de placas com finais 1, 2, 3, 4, 5, 6, 7 e 8 que parcelaram o tributo. Para placas de final 7 e 8, h\u00e1 o vencimento da segunda cota nos dias 27 e 28 de julho, respectivamente. J\u00e1 nos dias 28 e 31 deste m\u00eas ocorre o vencimento da terceira cota para placas 5 e 6, da quarta cota para placas 3 e 4, e da quinta e \u00faltima cota para placas 1 e 2. Tamb\u00e9m nos dias 28 e 31 de julho, os propriet\u00e1rios de autom\u00f3veis com finais 1 e 2 que n\u00e3o parcelaram o IPVA devem quitar o imposto, j\u00e1 que, ap\u00f3s as datas, passam a ficar inadimplentes. Acesse aqui o calend\u00e1rio completo.<\/p>\n\n\n\n<p>Para realizar o pagamento, o contribuinte deve ir at\u00e9 uma ag\u00eancia, um caixa eletr\u00f4nico ou ent\u00e3o utilizar o aplicativo ou o site do Banco do Brasil, Bradesco ou Sicoob, bastando apenas apresentar o n\u00famero do Renavam. De acordo com o Departamento Estadual de Tr\u00e2nsito da Bahia (Detran-Ba), o cidad\u00e3o deve estar atento pois o licenciamento completo do ve\u00edculo engloba outros itens al\u00e9m do IPVA, ou seja, para o autom\u00f3vel estar regularizado \u00e9 necess\u00e1rio quitar tamb\u00e9m d\u00e9bitos do licenciamento anual e multas, se houver. O prazo para ficar em dia com a documenta\u00e7\u00e3o do ve\u00edculo termina na data do vencimento da quinta parcela do imposto.<\/p>\n\n\n\n<p>Outro alerta do Detran-Ba diz respeito \u00e0 emiss\u00e3o do Certificado de Registro e Licenciamento do Ve\u00edculo Eletr\u00f4nico (CRLV-e). O documento n\u00e3o \u00e9 mais enviado para o endere\u00e7o do contribuinte e deve ser impresso ou gerado arquivo digital, para ficar salvo no aparelho de celular.<\/p>\n","protected":false},"excerpt":{"rendered":"<p>Propriet\u00e1rios de autom\u00f3veis com placas de final 9 e 0 t\u00eam at\u00e9 os dias 27 e 28 de julho para pagar o Imposto sobre Propriedade de Ve\u00edculos Automotores (IPVA) de 2023 com 10% de desconto, \u00e0 vista. Para os que optarem por parcelar o pagamento em at\u00e9 cinco vezes, o vencimento da primeira cota ocorre [&hellip;]<\/p>\n","protected":false},"author":1,"featured_media":352,"comment_status":"open","ping_status":"open","sticky":false,"template":"","format":"standard","meta":{"footnotes":""},"categories":[85],"tags":[],"class_list":["post-478","post","type-post","status-publish","format-standard","has-post-thumbnail","hentry","category-noticias"],"_links":{"self":[{"href":"https:\/\/salvadoracontece.com.br\/index.php\/wp-json\/wp\/v2\/posts\/478","targetHints":{"allow":["GET"]}}],"collection":[{"href":"https:\/\/salvadoracontece.com.br\/index.php\/wp-json\/wp\/v2\/posts"}],"about":[{"href":"https:\/\/salvadoracontece.com.br\/index.php\/wp-json\/wp\/v2\/types\/post"}],"author":[{"embeddable":true,"href":"https:\/\/salvadoracontece.com.br\/index.php\/wp-json\/wp\/v2\/users\/1"}],"replies":[{"embeddable":true,"href":"https:\/\/salvadoracontece.com.br\/index.php\/wp-json\/wp\/v2\/comments?post=478"}],"version-history":[{"count":0,"href":"https:\/\/salvadoracontece.com.br\/index.php\/wp-json\/wp\/v2\/posts\/478\/revisions"}],"wp:featuredmedia":[{"embeddable":true,"href":"https:\/\/salvadoracontece.com.br\/index.php\/wp-json\/wp\/v2\/media\/352"}],"wp:attachment":[{"href":"https:\/\/salvadoracontece.com.br\/index.php\/wp-json\/wp\/v2\/media?parent=478"}],"wp:term":[{"taxonomy":"category","embeddable":true,"href":"https:\/\/salvadoracontece.com.br\/index.php\/wp-json\/wp\/v2\/categories?post=478"},{"taxonomy":"post_tag","embeddable":true,"href":"https:\/\/salvadoracontece.com.br\/index.php\/wp-json\/wp\/v2\/tags?post=478"}],"curies":[{"name":"wp","href":"https:\/\/api.w.org\/{rel}","templated":true}]}}