{"id":484,"date":"2023-07-14T10:45:58","date_gmt":"2023-07-14T13:45:58","guid":{"rendered":"http:\/\/salvadoracontece.com.br\/?p=380"},"modified":"2023-07-14T10:45:58","modified_gmt":"2023-07-14T13:45:58","slug":"vitoria-tem-contas-bloqueadas-pela-justica-por-dividas-adquiridas-em-2014","status":"publish","type":"post","link":"https:\/\/salvadoracontece.com.br\/index.php\/2023\/07\/14\/vitoria-tem-contas-bloqueadas-pela-justica-por-dividas-adquiridas-em-2014\/","title":{"rendered":"Vit\u00f3ria tem contas bloqueadas pela Justi\u00e7a por d\u00edvidas adquiridas em 2014"},"content":{"rendered":"\n<p>O Vit\u00f3ria teve as contas bloqueadas na Justi\u00e7a, nesta quarta-feira (13), por d\u00edvidas adquiridas na compra de cr\u00e9ditos tribut\u00e1rios em 2014. O clube contesta o d\u00e9bito e a decis\u00e3o da 8\u00aa Vara de Consumo, em Salvador, e entrou com recurso.<\/p>\n\n\n\n<p>O Rubro-Negro alega que a decis\u00e3o foi sem pr\u00e9via publica\u00e7\u00e3o e que aconteceu em meio ao pedido da parte contr\u00e1ria para realizar audi\u00eancia de concilia\u00e7\u00e3o, o que seria uma solu\u00e7\u00e3o menos onerosa.&nbsp;<\/p>\n\n\n\n<p>Por meio de nota, o departamento jur\u00eddico do Vit\u00f3ria afirmou que a cobran\u00e7a \u00e9 indevida e por isso n\u00e3o chegou a um entendimento para liquida\u00e7\u00e3o da d\u00edvida.<\/p>\n","protected":false},"excerpt":{"rendered":"<p>O Vit\u00f3ria teve as contas bloqueadas na Justi\u00e7a, nesta quarta-feira (13), por d\u00edvidas adquiridas na compra de cr\u00e9ditos tribut\u00e1rios em 2014. O clube contesta o d\u00e9bito e a decis\u00e3o da 8\u00aa Vara de Consumo, em Salvador, e entrou com recurso. O Rubro-Negro alega que a decis\u00e3o foi sem pr\u00e9via publica\u00e7\u00e3o e que aconteceu em meio [&hellip;]<\/p>\n","protected":false},"author":1,"featured_media":816,"comment_status":"open","ping_status":"open","sticky":false,"template":"","format":"standard","meta":{"footnotes":""},"categories":[89],"tags":[],"class_list":["post-484","post","type-post","status-publish","format-standard","has-post-thumbnail","hentry","category-esportes"],"_links":{"self":[{"href":"https:\/\/salvadoracontece.com.br\/index.php\/wp-json\/wp\/v2\/posts\/484","targetHints":{"allow":["GET"]}}],"collection":[{"href":"https:\/\/salvadoracontece.com.br\/index.php\/wp-json\/wp\/v2\/posts"}],"about":[{"href":"https:\/\/salvadoracontece.com.br\/index.php\/wp-json\/wp\/v2\/types\/post"}],"author":[{"embeddable":true,"href":"https:\/\/salvadoracontece.com.br\/index.php\/wp-json\/wp\/v2\/users\/1"}],"replies":[{"embeddable":true,"href":"https:\/\/salvadoracontece.com.br\/index.php\/wp-json\/wp\/v2\/comments?post=484"}],"version-history":[{"count":0,"href":"https:\/\/salvadoracontece.com.br\/index.php\/wp-json\/wp\/v2\/posts\/484\/revisions"}],"wp:featuredmedia":[{"embeddable":true,"href":"https:\/\/salvadoracontece.com.br\/index.php\/wp-json\/wp\/v2\/media\/816"}],"wp:attachment":[{"href":"https:\/\/salvadoracontece.com.br\/index.php\/wp-json\/wp\/v2\/media?parent=484"}],"wp:term":[{"taxonomy":"category","embeddable":true,"href":"https:\/\/salvadoracontece.com.br\/index.php\/wp-json\/wp\/v2\/categories?post=484"},{"taxonomy":"post_tag","embeddable":true,"href":"https:\/\/salvadoracontece.com.br\/index.php\/wp-json\/wp\/v2\/tags?post=484"}],"curies":[{"name":"wp","href":"https:\/\/api.w.org\/{rel}","templated":true}]}}