{"id":4888,"date":"2023-10-06T10:47:16","date_gmt":"2023-10-06T13:47:16","guid":{"rendered":"https:\/\/salvadoracontece.com.br\/?p=4888"},"modified":"2023-10-06T10:47:17","modified_gmt":"2023-10-06T13:47:17","slug":"lideres-de-faccao-fizeram-videoconferencia-de-dentro-do-presidio-para-julgar-suspeitos-de-matar-medicos","status":"publish","type":"post","link":"https:\/\/salvadoracontece.com.br\/index.php\/2023\/10\/06\/lideres-de-faccao-fizeram-videoconferencia-de-dentro-do-presidio-para-julgar-suspeitos-de-matar-medicos\/","title":{"rendered":"L\u00edderes de fac\u00e7\u00e3o fizeram videoconfer\u00eancia de dentro do pres\u00eddio para julgar suspeitos de matar m\u00e9dicos"},"content":{"rendered":"\n<p>A Pol\u00edcia Civil do Rio de Janeiro investiga se os suspeitos de envolvimento na\u00a0morte dos tr\u00eas m\u00e9dicos\u00a0em um quiosque na Barra da Tijuca na madrugada desta quinta-feira (5) foram mortos a mando de lideran\u00e7as do Comando Vermelho, fac\u00e7\u00e3o da qual fazem parte.<\/p>\n\n\n\n<p>De acordo com o G1, os investigadores j\u00e1 sabem que, no final da tarde de quinta, houve uma reuni\u00e3o na Vila Cruzeiro com alguns suspeitos de participa\u00e7\u00e3o no crime. Membros da fac\u00e7\u00e3o, presos no pres\u00eddio Bangu 3, teriam participado da reuni\u00e3o por videoconfer\u00eancia.<\/p>\n\n\n\n<p>Fontes da Secretaria de Administra\u00e7\u00e3o Penitenci\u00e1ria (Seap) confirmaram ao portal\u00a0que foi marcada uma reuni\u00e3o na Penha para o in\u00edcio da noite, para que os envolvidos fossem levados ao tribunal paralelo do crime.<\/p>\n\n\n\n<p>Ainda segundo fontes na pol\u00edcia, pelo menos tr\u00eas deles podem ter sido julgados e executados no tribunal do tr\u00e1fico. Lideran\u00e7as do Comando Vermelho estariam contrariadas com a repercuss\u00e3o do caso, j\u00e1 que inocentes acabaram mortos.<\/p>\n\n\n\n<p>Os principais suspeitos de terem praticado o crime s\u00e3o os traficantes BMW e Philip Motta Pereira, vulgo Lesk ou CR7. A pol\u00edcia tamb\u00e9m investiga por participa\u00e7\u00e3o no ataque outros dois criminosos do grupo, conhecido como &#8220;Equipe Sombra&#8221;, que s\u00e3o conhecidos pelos apelidos Ryan e Preto Fosco.<\/p>\n\n\n\n<p>Fonte: Bahia Not\u00edcias <\/p>\n","protected":false},"excerpt":{"rendered":"<p>A Pol\u00edcia Civil do Rio de Janeiro investiga se os suspeitos de envolvimento na\u00a0morte dos tr\u00eas m\u00e9dicos\u00a0em um quiosque na Barra da Tijuca na madrugada desta quinta-feira (5) foram mortos a mando de lideran\u00e7as do Comando Vermelho, fac\u00e7\u00e3o da qual fazem parte. De acordo com o G1, os investigadores j\u00e1 sabem que, no final da [&hellip;]<\/p>\n","protected":false},"author":2,"featured_media":4889,"comment_status":"open","ping_status":"open","sticky":false,"template":"","format":"standard","meta":{"footnotes":""},"categories":[105],"tags":[],"class_list":["post-4888","post","type-post","status-publish","format-standard","has-post-thumbnail","hentry","category-policia"],"_links":{"self":[{"href":"https:\/\/salvadoracontece.com.br\/index.php\/wp-json\/wp\/v2\/posts\/4888","targetHints":{"allow":["GET"]}}],"collection":[{"href":"https:\/\/salvadoracontece.com.br\/index.php\/wp-json\/wp\/v2\/posts"}],"about":[{"href":"https:\/\/salvadoracontece.com.br\/index.php\/wp-json\/wp\/v2\/types\/post"}],"author":[{"embeddable":true,"href":"https:\/\/salvadoracontece.com.br\/index.php\/wp-json\/wp\/v2\/users\/2"}],"replies":[{"embeddable":true,"href":"https:\/\/salvadoracontece.com.br\/index.php\/wp-json\/wp\/v2\/comments?post=4888"}],"version-history":[{"count":1,"href":"https:\/\/salvadoracontece.com.br\/index.php\/wp-json\/wp\/v2\/posts\/4888\/revisions"}],"predecessor-version":[{"id":4890,"href":"https:\/\/salvadoracontece.com.br\/index.php\/wp-json\/wp\/v2\/posts\/4888\/revisions\/4890"}],"wp:featuredmedia":[{"embeddable":true,"href":"https:\/\/salvadoracontece.com.br\/index.php\/wp-json\/wp\/v2\/media\/4889"}],"wp:attachment":[{"href":"https:\/\/salvadoracontece.com.br\/index.php\/wp-json\/wp\/v2\/media?parent=4888"}],"wp:term":[{"taxonomy":"category","embeddable":true,"href":"https:\/\/salvadoracontece.com.br\/index.php\/wp-json\/wp\/v2\/categories?post=4888"},{"taxonomy":"post_tag","embeddable":true,"href":"https:\/\/salvadoracontece.com.br\/index.php\/wp-json\/wp\/v2\/tags?post=4888"}],"curies":[{"name":"wp","href":"https:\/\/api.w.org\/{rel}","templated":true}]}}