{"id":4891,"date":"2023-10-06T10:52:47","date_gmt":"2023-10-06T13:52:47","guid":{"rendered":"https:\/\/salvadoracontece.com.br\/?p=4891"},"modified":"2023-10-06T10:52:48","modified_gmt":"2023-10-06T13:52:48","slug":"policia-civil-diz-que-mortes-de-medicos-nao-ficarao-impunes","status":"publish","type":"post","link":"https:\/\/salvadoracontece.com.br\/index.php\/2023\/10\/06\/policia-civil-diz-que-mortes-de-medicos-nao-ficarao-impunes\/","title":{"rendered":"Pol\u00edcia Civil diz que mortes de m\u00e9dicos n\u00e3o ficar\u00e3o impunes"},"content":{"rendered":"\n<p>O secret\u00e1rio estadual de Pol\u00edcia Civil do Rio de Janeiro, Jos\u00e9 Renato Torres, afirmou que os homic\u00eddios de tr\u00eas m\u00e9dicos nesta quinta-feira, 5, na capital fluminense, n\u00e3o ficar\u00e3o impunes. Segundo ele, todas as equipes da corpora\u00e7\u00e3o est\u00e3o \u00e0 disposi\u00e7\u00e3o do Departamento de Homic\u00eddios para elucidar o crime.<\/p>\n\n\n\n<p>\u201cA Pol\u00edcia Civil est\u00e1 \u00e0 disposi\u00e7\u00e3o do doutor Henrique Damasceno [diretor do Departamento de Homic\u00eddios] para que esse crime n\u00e3o fique impune e que a sociedade do Rio de Janeiro e os nossos turistas acreditem nas for\u00e7as policiais do Rio de Janeiro\u201d, disse o secret\u00e1rio.<\/p>\n\n\n\n<p>Segundo Damasceno, todos os protocolos de investiga\u00e7\u00e3o de homic\u00eddios j\u00e1 est\u00e3o sendo adotados. \u201cA Pol\u00edcia Civil est\u00e1 se utilizando de todas as ferramentas poss\u00edveis para conseguirmos o m\u00e1ximo de provas o quanto antes para dar a efetiva resposta a esse caso\u201d, afirmou.<\/p>\n\n\n\n<p>O delegado federal Paulo Garrido tamb\u00e9m afirmou que a Pol\u00edcia Federal est\u00e1 cooperando com a Pol\u00edcia Civil desde as primeiras horas ap\u00f3s o crime, ocorrido na madrugada desta quinta. \u201cTodos os recursos necess\u00e1rios e materiais que forem julgados necess\u00e1rios, a Pol\u00edcia Federal est\u00e1 \u00e0 disposi\u00e7\u00e3o para colaborar nesse caso.\u201d<\/p>\n\n\n\n<p>Os m\u00e9dicos ortopedistas Marcos de Andrade Corsato, Diego Ralf Bomfim e Perseu Ribeiro Almeida n\u00e3o moram no Rio e estavam na cidade para participar de um congresso internacional de cirurgia ortop\u00e9dica. Eles foram assassinados quando estavam em um quiosque, na orla da Barra da Tijuca, na zona oeste da cidade, pr\u00f3ximo ao hotel onde ocorre o evento.<\/p>\n\n\n\n<p>Um quarto m\u00e9dico ficou ferido e foi internado no Hospital Municipal Louren\u00e7o Jorge, que tamb\u00e9m fica na Barra da Tijuca.<\/p>\n\n\n\n<p>A investiga\u00e7\u00e3o est\u00e1 sendo acompanhada pela 4\u00aa Promotoria de Justi\u00e7a de Investiga\u00e7\u00e3o Penal Especializada do Minist\u00e9rio P\u00fablico do Rio de Janeiro.<\/p>\n\n\n\n<p>Fonte: ATarde <\/p>\n","protected":false},"excerpt":{"rendered":"<p>O secret\u00e1rio estadual de Pol\u00edcia Civil do Rio de Janeiro, Jos\u00e9 Renato Torres, afirmou que os homic\u00eddios de tr\u00eas m\u00e9dicos nesta quinta-feira, 5, na capital fluminense, n\u00e3o ficar\u00e3o impunes. Segundo ele, todas as equipes da corpora\u00e7\u00e3o est\u00e3o \u00e0 disposi\u00e7\u00e3o do Departamento de Homic\u00eddios para elucidar o crime. \u201cA Pol\u00edcia Civil est\u00e1 \u00e0 disposi\u00e7\u00e3o do doutor [&hellip;]<\/p>\n","protected":false},"author":2,"featured_media":4892,"comment_status":"open","ping_status":"open","sticky":false,"template":"","format":"standard","meta":{"footnotes":""},"categories":[105],"tags":[],"class_list":["post-4891","post","type-post","status-publish","format-standard","has-post-thumbnail","hentry","category-policia"],"_links":{"self":[{"href":"https:\/\/salvadoracontece.com.br\/index.php\/wp-json\/wp\/v2\/posts\/4891","targetHints":{"allow":["GET"]}}],"collection":[{"href":"https:\/\/salvadoracontece.com.br\/index.php\/wp-json\/wp\/v2\/posts"}],"about":[{"href":"https:\/\/salvadoracontece.com.br\/index.php\/wp-json\/wp\/v2\/types\/post"}],"author":[{"embeddable":true,"href":"https:\/\/salvadoracontece.com.br\/index.php\/wp-json\/wp\/v2\/users\/2"}],"replies":[{"embeddable":true,"href":"https:\/\/salvadoracontece.com.br\/index.php\/wp-json\/wp\/v2\/comments?post=4891"}],"version-history":[{"count":1,"href":"https:\/\/salvadoracontece.com.br\/index.php\/wp-json\/wp\/v2\/posts\/4891\/revisions"}],"predecessor-version":[{"id":4893,"href":"https:\/\/salvadoracontece.com.br\/index.php\/wp-json\/wp\/v2\/posts\/4891\/revisions\/4893"}],"wp:featuredmedia":[{"embeddable":true,"href":"https:\/\/salvadoracontece.com.br\/index.php\/wp-json\/wp\/v2\/media\/4892"}],"wp:attachment":[{"href":"https:\/\/salvadoracontece.com.br\/index.php\/wp-json\/wp\/v2\/media?parent=4891"}],"wp:term":[{"taxonomy":"category","embeddable":true,"href":"https:\/\/salvadoracontece.com.br\/index.php\/wp-json\/wp\/v2\/categories?post=4891"},{"taxonomy":"post_tag","embeddable":true,"href":"https:\/\/salvadoracontece.com.br\/index.php\/wp-json\/wp\/v2\/tags?post=4891"}],"curies":[{"name":"wp","href":"https:\/\/api.w.org\/{rel}","templated":true}]}}