{"id":4894,"date":"2023-10-06T10:59:33","date_gmt":"2023-10-06T13:59:33","guid":{"rendered":"https:\/\/salvadoracontece.com.br\/?p=4894"},"modified":"2023-10-06T10:59:35","modified_gmt":"2023-10-06T13:59:35","slug":"estudio-raimundo-varela-e-inaugurado-na-radio-sociedade-em-salvador","status":"publish","type":"post","link":"https:\/\/salvadoracontece.com.br\/index.php\/2023\/10\/06\/estudio-raimundo-varela-e-inaugurado-na-radio-sociedade-em-salvador\/","title":{"rendered":"Est\u00fadio Raimundo Varela \u00e9 inaugurado na R\u00e1dio Sociedade, em Salvador"},"content":{"rendered":"\n<p>Raimundo Varela Freire J\u00fanior, popularmente conhecido como Raimundo Varela foi eternizado na manh\u00e3 desta sexta-feira (6). O \u2018pai da comunica\u00e7\u00e3o baiana\u2019 recebeu uma homenagem em respeito e admira\u00e7\u00e3o ao seu legado. No comando de Silvana Oliveira, Adelson Carvalho, Jo\u00e3o Kalil e convidada Sheila Varela, vi\u00fava do comunicador foi inaugurar o Est\u00fadio Raimundo Varela, na R\u00e1dio Sociedade da Bahia, em Salvador.&nbsp;<\/p>\n\n\n\n<p>Eternizado na mem\u00f3ria de milhares de fam\u00edlias baianas, o legado do apresentador \u00e9 marcado por discurso de Silvana Oliveira. \u201cHoje \u00e9 um dia muito especial, dia que n\u00f3s escolhemos para prestar nossa homenagem ao nosso decano. Decano porque, al\u00e9m de mais velho ele tamb\u00e9m \u00e9 o mais experiente em comunica\u00e7\u00e3o, em se aproximar da popula\u00e7\u00e3o e traduzir para os gestores p\u00fablicos suas demandas, suas necessidades, suas indigna\u00e7\u00f5es de forma veemente cobrar a\u00e7\u00e3o\u201d, come\u00e7ou a radialista.&nbsp;<\/p>\n\n\n\n<p>Ap\u00f3s um m\u00eas da despedida do comunicador, a homenagem celebra sua import\u00e2ncia na comunica\u00e7\u00e3o baiana. \u201cAmanh\u00e3 faz um m\u00eas que Raimundo Varela deixou a terra pra entrar na eternidade com sua for\u00e7a,&nbsp;energia e presen\u00e7a de espirito. Hoje \u00e9 dia de celebrar, e sim a palavra celebrarmos com respeito esse homem que por mais de 50 anos forjou o jornalismo popular baiano e impactou vidas\u201d, disse Silvana Oliveira.<\/p>\n\n\n\n<p>Por sua vez, Adelson Carvalho n\u00e3o esconde a gratid\u00e3o pelo comunicador, o jornalista conta como foi seu primeiro Balan\u00e7o Geral com o decano. \u201c\u00c9 dif\u00edcil, n\u00e9?!\u201d, diz o apresentador, que continuou. \u201cAcredite at\u00e9 o bom dia eu anotei, porque a emo\u00e7\u00e3o era muito grande. Imagine voc\u00ea sair do ouvinte, telespectador pra virar um colega de trabalho\u201d, relatou o comunicador, que em seguida conta sobre a emo\u00e7\u00e3o de trabalhar ao lado do veterano. \u201cPense que foram dias sem acreditar que eu estava trabalhando com ele\u201d, revelou.<br>\u00a0<br>O Est\u00fadio Raimundo Varela, inaugurado na R\u00e1dio Sociedade da Bahia \u00e9 patrim\u00f4nio e prova do legado do apresentador. O comunicador nos deixou h\u00e1\u00a0quase um m\u00eas \u00e9 homenageado.\u00a0<\/p>\n\n\n\n<p>Fonte: Varela Net <\/p>\n","protected":false},"excerpt":{"rendered":"<p>Raimundo Varela Freire J\u00fanior, popularmente conhecido como Raimundo Varela foi eternizado na manh\u00e3 desta sexta-feira (6). O \u2018pai da comunica\u00e7\u00e3o baiana\u2019 recebeu uma homenagem em respeito e admira\u00e7\u00e3o ao seu legado. No comando de Silvana Oliveira, Adelson Carvalho, Jo\u00e3o Kalil e convidada Sheila Varela, vi\u00fava do comunicador foi inaugurar o Est\u00fadio Raimundo Varela, na R\u00e1dio [&hellip;]<\/p>\n","protected":false},"author":2,"featured_media":4895,"comment_status":"open","ping_status":"open","sticky":false,"template":"","format":"standard","meta":{"footnotes":""},"categories":[85],"tags":[],"class_list":["post-4894","post","type-post","status-publish","format-standard","has-post-thumbnail","hentry","category-noticias"],"_links":{"self":[{"href":"https:\/\/salvadoracontece.com.br\/index.php\/wp-json\/wp\/v2\/posts\/4894","targetHints":{"allow":["GET"]}}],"collection":[{"href":"https:\/\/salvadoracontece.com.br\/index.php\/wp-json\/wp\/v2\/posts"}],"about":[{"href":"https:\/\/salvadoracontece.com.br\/index.php\/wp-json\/wp\/v2\/types\/post"}],"author":[{"embeddable":true,"href":"https:\/\/salvadoracontece.com.br\/index.php\/wp-json\/wp\/v2\/users\/2"}],"replies":[{"embeddable":true,"href":"https:\/\/salvadoracontece.com.br\/index.php\/wp-json\/wp\/v2\/comments?post=4894"}],"version-history":[{"count":1,"href":"https:\/\/salvadoracontece.com.br\/index.php\/wp-json\/wp\/v2\/posts\/4894\/revisions"}],"predecessor-version":[{"id":4896,"href":"https:\/\/salvadoracontece.com.br\/index.php\/wp-json\/wp\/v2\/posts\/4894\/revisions\/4896"}],"wp:featuredmedia":[{"embeddable":true,"href":"https:\/\/salvadoracontece.com.br\/index.php\/wp-json\/wp\/v2\/media\/4895"}],"wp:attachment":[{"href":"https:\/\/salvadoracontece.com.br\/index.php\/wp-json\/wp\/v2\/media?parent=4894"}],"wp:term":[{"taxonomy":"category","embeddable":true,"href":"https:\/\/salvadoracontece.com.br\/index.php\/wp-json\/wp\/v2\/categories?post=4894"},{"taxonomy":"post_tag","embeddable":true,"href":"https:\/\/salvadoracontece.com.br\/index.php\/wp-json\/wp\/v2\/tags?post=4894"}],"curies":[{"name":"wp","href":"https:\/\/api.w.org\/{rel}","templated":true}]}}