{"id":4903,"date":"2023-10-06T11:36:43","date_gmt":"2023-10-06T14:36:43","guid":{"rendered":"https:\/\/salvadoracontece.com.br\/?p=4903"},"modified":"2023-10-06T11:36:45","modified_gmt":"2023-10-06T14:36:45","slug":"furto-de-cabos-causa-lentidao-na-linha-2-do-metro-de-salvador","status":"publish","type":"post","link":"https:\/\/salvadoracontece.com.br\/index.php\/2023\/10\/06\/furto-de-cabos-causa-lentidao-na-linha-2-do-metro-de-salvador\/","title":{"rendered":"Furto de cabos causa lentid\u00e3o na linha 2 do metr\u00f4 de Salvador"},"content":{"rendered":"\n<p>O furto de cabos de energia causou uma lentid\u00e3o na linha 2 do sistema metrovi\u00e1rio de Salvador e Lauro de Freitas, na manh\u00e3 desta sexta-feira (6). Passageiros denunciam demora na travessia entre uma esta\u00e7\u00e3o e outra, al\u00e9m de longas paradas nos terminais, entre outras dificuldades.<\/p>\n\n\n\n<p>O problema se concentra entre as esta\u00e7\u00f5es Detran e Rodovi\u00e1ria. Nesse trecho, apenas uma das plataformas est\u00e1 em opera\u00e7\u00e3o, realizando embarque e desembarque de passageiros. Em v\u00eddeos enviados pelo rep\u00f3rter Vinicius Cunha, da Bahia FM, \u00e9 poss\u00edvel ver os trens indo e voltando do mesmo lado da esta\u00e7\u00e3o.<\/p>\n\n\n\n<p>Outra imagem mostra um aviso sonoro falando que a opera\u00e7\u00e3o aguardava autoriza\u00e7\u00e3o para seguir viagem. Em nota, a CCR Metr\u00f4 Bahia informou que a interven\u00e7\u00e3o na linha deve durar pelo menos 1h, enquanto t\u00e9cnicos resolvem a situa\u00e7\u00e3o.<\/p>\n\n\n\n<p>&#8220;A concession\u00e1ria salienta que este servi\u00e7o \u00e9 em decorr\u00eancia de furtos de cabos ocorridos nesta manh\u00e3, e tem previs\u00e3o de 1h para normaliza\u00e7\u00e3o da opera\u00e7\u00e3o no trecho. A Linha 1 n\u00e3o foi afetada e segue operando normalmente&#8221;, informa um trecho do posicionamento.<\/p>\n\n\n\n<p>Fonte: iBahia  <\/p>\n","protected":false},"excerpt":{"rendered":"<p>O furto de cabos de energia causou uma lentid\u00e3o na linha 2 do sistema metrovi\u00e1rio de Salvador e Lauro de Freitas, na manh\u00e3 desta sexta-feira (6). Passageiros denunciam demora na travessia entre uma esta\u00e7\u00e3o e outra, al\u00e9m de longas paradas nos terminais, entre outras dificuldades. O problema se concentra entre as esta\u00e7\u00f5es Detran e Rodovi\u00e1ria. [&hellip;]<\/p>\n","protected":false},"author":2,"featured_media":4904,"comment_status":"open","ping_status":"open","sticky":false,"template":"","format":"standard","meta":{"footnotes":""},"categories":[85],"tags":[],"class_list":["post-4903","post","type-post","status-publish","format-standard","has-post-thumbnail","hentry","category-noticias"],"_links":{"self":[{"href":"https:\/\/salvadoracontece.com.br\/index.php\/wp-json\/wp\/v2\/posts\/4903","targetHints":{"allow":["GET"]}}],"collection":[{"href":"https:\/\/salvadoracontece.com.br\/index.php\/wp-json\/wp\/v2\/posts"}],"about":[{"href":"https:\/\/salvadoracontece.com.br\/index.php\/wp-json\/wp\/v2\/types\/post"}],"author":[{"embeddable":true,"href":"https:\/\/salvadoracontece.com.br\/index.php\/wp-json\/wp\/v2\/users\/2"}],"replies":[{"embeddable":true,"href":"https:\/\/salvadoracontece.com.br\/index.php\/wp-json\/wp\/v2\/comments?post=4903"}],"version-history":[{"count":1,"href":"https:\/\/salvadoracontece.com.br\/index.php\/wp-json\/wp\/v2\/posts\/4903\/revisions"}],"predecessor-version":[{"id":4905,"href":"https:\/\/salvadoracontece.com.br\/index.php\/wp-json\/wp\/v2\/posts\/4903\/revisions\/4905"}],"wp:featuredmedia":[{"embeddable":true,"href":"https:\/\/salvadoracontece.com.br\/index.php\/wp-json\/wp\/v2\/media\/4904"}],"wp:attachment":[{"href":"https:\/\/salvadoracontece.com.br\/index.php\/wp-json\/wp\/v2\/media?parent=4903"}],"wp:term":[{"taxonomy":"category","embeddable":true,"href":"https:\/\/salvadoracontece.com.br\/index.php\/wp-json\/wp\/v2\/categories?post=4903"},{"taxonomy":"post_tag","embeddable":true,"href":"https:\/\/salvadoracontece.com.br\/index.php\/wp-json\/wp\/v2\/tags?post=4903"}],"curies":[{"name":"wp","href":"https:\/\/api.w.org\/{rel}","templated":true}]}}