{"id":4912,"date":"2023-10-06T11:55:54","date_gmt":"2023-10-06T14:55:54","guid":{"rendered":"https:\/\/salvadoracontece.com.br\/?p=4912"},"modified":"2023-10-06T11:55:56","modified_gmt":"2023-10-06T14:55:56","slug":"prefeitura-inaugura-escola-reconstruida-em-valeria-com-salas-climatizadas","status":"publish","type":"post","link":"https:\/\/salvadoracontece.com.br\/index.php\/2023\/10\/06\/prefeitura-inaugura-escola-reconstruida-em-valeria-com-salas-climatizadas\/","title":{"rendered":"Prefeitura inaugura escola reconstru\u00edda em Val\u00e9ria com salas climatizadas"},"content":{"rendered":"\n<p>A Prefeitura de Salvador entregou nesta ter\u00e7a-feira (3) mais uma unidade de ensino totalmente reconstru\u00edda pela gest\u00e3o municipal, desta vez no bairro de Val\u00e9ria. O prefeito Bruno Reis, ao lado do secret\u00e1rio de Educa\u00e7\u00e3o (Smed), Thiago Dantas, inaugurou a Escola Professor Milton Santos, situada na Rua Jardim Terra Nova, que foi demolida e refeita com um investimento de R$ 9,2 milh\u00f5es. O projeto buscou adequar a nova estrutura aos atuais padr\u00f5es de conforto e modernidade da educa\u00e7\u00e3o na capital baiana.<\/p>\n\n\n\n<p>A escola agora conta com 3,2 mil m\u00b2 de \u00e1rea constru\u00edda e capacidade para receber at\u00e9 840 alunos do Ensino Fundamental (sendo 420 em cada turno, manh\u00e3 e tarde). O espa\u00e7o conta com 14 salas de aula climatizadas e com equipamentos multim\u00eddia, salas de Atendimento Educacional Especializado (AEE), de multiuso e de leitura, audit\u00f3rio, quadra poliesportiva coberta com vesti\u00e1rios, parque infantil, espa\u00e7o de recreio e elevadores.<\/p>\n\n\n\n<p>Bruno Reis destacou que essa \u00e9 a segunda nova escola que a sua gest\u00e3o inaugura em Val\u00e9ria, sendo a outra a Afonso Temporal, localizada na Rua Jos\u00e9 Guimar\u00e3es. \u201cAs pessoas \u00e0s vezes nos perguntam como \u00e9 que a Prefeitura pode ajudar na seguran\u00e7a do bairro, e aqui est\u00e1 um grande exemplo de como podemos mudar o presente e, sobretudo, o futuro dessa garotada. As crian\u00e7as agora v\u00e3o estudar agora numa escola de alto padr\u00e3o, com salas de aula climatizadas, com kits multim\u00eddias, com salas para alunos com necessidades especiais. Estamos fazendo a verdadeira revolu\u00e7\u00e3o da educa\u00e7\u00e3o de Salvador\u201d, disse.<\/p>\n\n\n\n<p>O prefeito ainda lembrou que essa \u00e9 a 15\u00aa nova escola entregue na capital baiana sobre a sua gest\u00e3o, entre as que foram constru\u00eddas ou reconstru\u00eddas em alto padr\u00e3o, com todas as salas climatizadas e acessibilidade. Nesse mesmo per\u00edodo, desde janeiro de 2021, 131 unidades municipais tamb\u00e9m foram reformadas.<\/p>\n\n\n\n<p>*Investimento* &#8211; Titular da Smed, Thiago Dantas afirmou que a meta \u00e9 chegar a 50 novas escolas at\u00e9 o final de 2024. \u201cA gente pode dizer, sem medo de errar, que a Prefeitura nunca teve uma pol\u00edtica de investimento em infraestrutura escolar t\u00e3o grande como esta que est\u00e1 em curso. Temos atualmente mais 20 escolas que j\u00e1 est\u00e3o em constru\u00e7\u00e3o, totalizando 35. Al\u00e9m disso, temos mais 15 unidades de ensino cujos contratos ser\u00e3o assinados ao longo dos pr\u00f3ximos 40 dias\u201d, disse.<\/p>\n\n\n\n<p>\u201cEssas novas escolas est\u00e3o sendo entregues com a sua capacidade de oferta de vagas sendo ampliada. Essa aqui, por exemplo, est\u00e1 dobrando a sua capacidade de atendimento. Ent\u00e3o, com as 50 novas escolas, estamos falando em beneficiar aproximadamente 30% de toda a nossa rede municipal, colocando equipamento de ponta \u00e0 disposi\u00e7\u00e3o dos docentes, com salas climatizadas, equipamentos multim\u00eddia, videomonitoramento de seguran\u00e7a, enfim, todos os recursos de infraestrutura necess\u00e1rios para que a atividade pedag\u00f3gica tenha mais sucesso\u201d, completou Thiago Dantas.<\/p>\n\n\n\n<p>O edif\u00edcio tamb\u00e9m recebeu placas fotovoltaicas para a gera\u00e7\u00e3o e utiliza\u00e7\u00e3o de energia solar e estrutura para a reutiliza\u00e7\u00e3o de \u00e1gua pluvial, tornando a escola mais sustent\u00e1vel. \u201cO que h\u00e1 de mais moderno no padr\u00e3o construtivo do mundo foi usado nessa unidade. As pessoas precisam conhecer a qualidade das escolas da nossa cidade. Era uma unidade que podia atender 170 alunos por turno, que n\u00f3s demolimos e fizemos uma nova, dobrando a sua capacidade\u201d, completou Bruno Reis.<\/p>\n\n\n\n<p>Alunos &#8211; A dona de casa Aiala de Santana Menezes, de 34 anos, estava acompanhando a filha, Lav\u00ednia Vit\u00f3ria, de oito anos, na inaugura\u00e7\u00e3o da nova escola. \u201cA estrutura de antes estava bastante estragada. Quando chovia, molhava muito o p\u00e1tio, e as salas de aula n\u00e3o eram t\u00e3o boas quanto est\u00e3o agora. Acho que a gente precisava realmente de uma escola maior para atender \u00e0 demanda de alunos da comunidade, que \u00e9 bastante grande, tem muita crian\u00e7a aqui\u201d, disse a moradora de Val\u00e9ria.<\/p>\n\n\n\n<p>\u201cAgora eu estou vendo que a escola est\u00e1 enorme, com muitas salas, todas climatizadas, o que \u00e9 um ganho muito bom. Acho que vai comportar muitas crian\u00e7as aqui, ent\u00e3o vai ser bom para os nossos filhos estudarem com mais espa\u00e7o. Os professores daqui j\u00e1 eram excelentes, eu gosto muito de todos os profissionais, ent\u00e3o a gente precisava mesmo dessa estrutura melhor\u201d, completou Aiala.<\/p>\n\n\n\n<p>Al\u00e9m da constru\u00e7\u00e3o de novas escolas de alto padr\u00e3o, a gest\u00e3o municipal deu in\u00edcio a uma in\u00e9dita estrat\u00e9gia para acelerar e recompor o aprendizado dos estudantes ap\u00f3s o per\u00edodo de pandemia da Covid-19. Em setembro do ano passado, foi lan\u00e7ado o programa Educa\u00e7\u00e3o Digital, que j\u00e1 entregou 109 mil tablets com chip (um para cada estudante do 1\u00ba ao 9\u00ba ano da rede municipal) e 8 mil chromebooks para os professores.<\/p>\n\n\n\n<p>Fonte: TRBN<\/p>\n\n\n\n<p><\/p>\n","protected":false},"excerpt":{"rendered":"<p>A Prefeitura de Salvador entregou nesta ter\u00e7a-feira (3) mais uma unidade de ensino totalmente reconstru\u00edda pela gest\u00e3o municipal, desta vez no bairro de Val\u00e9ria. O prefeito Bruno Reis, ao lado do secret\u00e1rio de Educa\u00e7\u00e3o (Smed), Thiago Dantas, inaugurou a Escola Professor Milton Santos, situada na Rua Jardim Terra Nova, que foi demolida e refeita com [&hellip;]<\/p>\n","protected":false},"author":2,"featured_media":4913,"comment_status":"open","ping_status":"open","sticky":false,"template":"","format":"standard","meta":{"footnotes":""},"categories":[91],"tags":[],"class_list":["post-4912","post","type-post","status-publish","format-standard","has-post-thumbnail","hentry","category-politica"],"_links":{"self":[{"href":"https:\/\/salvadoracontece.com.br\/index.php\/wp-json\/wp\/v2\/posts\/4912","targetHints":{"allow":["GET"]}}],"collection":[{"href":"https:\/\/salvadoracontece.com.br\/index.php\/wp-json\/wp\/v2\/posts"}],"about":[{"href":"https:\/\/salvadoracontece.com.br\/index.php\/wp-json\/wp\/v2\/types\/post"}],"author":[{"embeddable":true,"href":"https:\/\/salvadoracontece.com.br\/index.php\/wp-json\/wp\/v2\/users\/2"}],"replies":[{"embeddable":true,"href":"https:\/\/salvadoracontece.com.br\/index.php\/wp-json\/wp\/v2\/comments?post=4912"}],"version-history":[{"count":1,"href":"https:\/\/salvadoracontece.com.br\/index.php\/wp-json\/wp\/v2\/posts\/4912\/revisions"}],"predecessor-version":[{"id":4914,"href":"https:\/\/salvadoracontece.com.br\/index.php\/wp-json\/wp\/v2\/posts\/4912\/revisions\/4914"}],"wp:featuredmedia":[{"embeddable":true,"href":"https:\/\/salvadoracontece.com.br\/index.php\/wp-json\/wp\/v2\/media\/4913"}],"wp:attachment":[{"href":"https:\/\/salvadoracontece.com.br\/index.php\/wp-json\/wp\/v2\/media?parent=4912"}],"wp:term":[{"taxonomy":"category","embeddable":true,"href":"https:\/\/salvadoracontece.com.br\/index.php\/wp-json\/wp\/v2\/categories?post=4912"},{"taxonomy":"post_tag","embeddable":true,"href":"https:\/\/salvadoracontece.com.br\/index.php\/wp-json\/wp\/v2\/tags?post=4912"}],"curies":[{"name":"wp","href":"https:\/\/api.w.org\/{rel}","templated":true}]}}