{"id":4927,"date":"2023-10-09T10:22:48","date_gmt":"2023-10-09T13:22:48","guid":{"rendered":"https:\/\/salvadoracontece.com.br\/?p=4927"},"modified":"2023-10-09T10:22:50","modified_gmt":"2023-10-09T13:22:50","slug":"jeronimo-vai-ter-policia-com-a-firmeza-que-o-momento-exige","status":"publish","type":"post","link":"https:\/\/salvadoracontece.com.br\/index.php\/2023\/10\/09\/jeronimo-vai-ter-policia-com-a-firmeza-que-o-momento-exige\/","title":{"rendered":"Jer\u00f4nimo: &#8220;Vai ter pol\u00edcia, com a firmeza que o momento exige&#8221;"},"content":{"rendered":"\n<p>Em entrevista coletiva na tarde desta quinta-feira (5), o governador da Bahia, Jer\u00f4nimo Rodrigues agradeceu o ministro da Justi\u00e7a e Seguran\u00e7a, Fl\u00e1vio Dino, pelo seu empenho para combater a criminalidade no pa\u00eds.<\/p>\n\n\n\n<p>O ministro Fl\u00e1vio Dino est\u00e1 em Salvador para anunciar uma s\u00e9rie de investimentos na \u00e1rea de seguran\u00e7a do estado.<\/p>\n\n\n\n<p>Em seu discurso, Jer\u00f4nimo afirmou que a Pol\u00edcia vai ter a firmeza que o momento exige, confira o trecho do discurso do governador:<\/p>\n\n\n\n<p><em>\u201cEu quero reafirmar que desde janeiro, mas tamb\u00e9m nos \u00faltimos dias, como voc\u00eas t\u00eam acompanhado, que alguns indicadores est\u00e3o fora daquilo que a gente espera que tem que voltar a ser, n\u00f3s tivemos a parceria com o governo federal. Nossa a\u00e7\u00e3o, quando for preciso ter pol\u00edcia, vai ter pol\u00edcia, com a firmeza que o momento exige. O tema da seguran\u00e7a p\u00fablica diz respeito a algo mais que pol\u00edcia. Quero agradecer e abra\u00e7ar o ministro Fl\u00e1vio Dino&#8221;<\/em>, pontuou Jer\u00f4nimo.<\/p>\n\n\n\n<p>Fonte: Varela Net <\/p>\n","protected":false},"excerpt":{"rendered":"<p>Em entrevista coletiva na tarde desta quinta-feira (5), o governador da Bahia, Jer\u00f4nimo Rodrigues agradeceu o ministro da Justi\u00e7a e Seguran\u00e7a, Fl\u00e1vio Dino, pelo seu empenho para combater a criminalidade no pa\u00eds. O ministro Fl\u00e1vio Dino est\u00e1 em Salvador para anunciar uma s\u00e9rie de investimentos na \u00e1rea de seguran\u00e7a do estado. Em seu discurso, Jer\u00f4nimo [&hellip;]<\/p>\n","protected":false},"author":2,"featured_media":4928,"comment_status":"open","ping_status":"open","sticky":false,"template":"","format":"standard","meta":{"footnotes":""},"categories":[91],"tags":[],"class_list":["post-4927","post","type-post","status-publish","format-standard","has-post-thumbnail","hentry","category-politica"],"_links":{"self":[{"href":"https:\/\/salvadoracontece.com.br\/index.php\/wp-json\/wp\/v2\/posts\/4927","targetHints":{"allow":["GET"]}}],"collection":[{"href":"https:\/\/salvadoracontece.com.br\/index.php\/wp-json\/wp\/v2\/posts"}],"about":[{"href":"https:\/\/salvadoracontece.com.br\/index.php\/wp-json\/wp\/v2\/types\/post"}],"author":[{"embeddable":true,"href":"https:\/\/salvadoracontece.com.br\/index.php\/wp-json\/wp\/v2\/users\/2"}],"replies":[{"embeddable":true,"href":"https:\/\/salvadoracontece.com.br\/index.php\/wp-json\/wp\/v2\/comments?post=4927"}],"version-history":[{"count":1,"href":"https:\/\/salvadoracontece.com.br\/index.php\/wp-json\/wp\/v2\/posts\/4927\/revisions"}],"predecessor-version":[{"id":4929,"href":"https:\/\/salvadoracontece.com.br\/index.php\/wp-json\/wp\/v2\/posts\/4927\/revisions\/4929"}],"wp:featuredmedia":[{"embeddable":true,"href":"https:\/\/salvadoracontece.com.br\/index.php\/wp-json\/wp\/v2\/media\/4928"}],"wp:attachment":[{"href":"https:\/\/salvadoracontece.com.br\/index.php\/wp-json\/wp\/v2\/media?parent=4927"}],"wp:term":[{"taxonomy":"category","embeddable":true,"href":"https:\/\/salvadoracontece.com.br\/index.php\/wp-json\/wp\/v2\/categories?post=4927"},{"taxonomy":"post_tag","embeddable":true,"href":"https:\/\/salvadoracontece.com.br\/index.php\/wp-json\/wp\/v2\/tags?post=4927"}],"curies":[{"name":"wp","href":"https:\/\/api.w.org\/{rel}","templated":true}]}}