{"id":4930,"date":"2023-10-09T10:31:14","date_gmt":"2023-10-09T13:31:14","guid":{"rendered":"https:\/\/salvadoracontece.com.br\/?p=4930"},"modified":"2023-10-09T10:31:15","modified_gmt":"2023-10-09T13:31:15","slug":"praia-do-forte-caso-de-injuria-racial-e-compartilhado-nas-redes","status":"publish","type":"post","link":"https:\/\/salvadoracontece.com.br\/index.php\/2023\/10\/09\/praia-do-forte-caso-de-injuria-racial-e-compartilhado-nas-redes\/","title":{"rendered":"Praia do Forte: Caso de Inj\u00faria Racial \u00e9 compartilhado nas redes"},"content":{"rendered":"\n<p>Um \u00e1udio que viralizou nas redes sociais nesta \u00faltima segunda (2) mostra falas racistas de uma gerente de uma loja na Praia do Forte. No \u00e1udio, a mulher fala mal do cabelo de uma funcion\u00e1ria com quem trabalhou ainda em 2022.&nbsp;<\/p>\n\n\n\n<p>\u201cEla \u00e9 negra mesmo, cor de disco. Se ela alisa o cabelo, fica muito artificial porque ela \u00e9 negra &#8216;tifunzinha&#8217;\u201d, a gerente, que n\u00e3o teve a identidade compartilhada disse. \u201cSe ela botasse o cabelo natural, ia ficar bonita. Ent\u00e3o, for\u00e7a muito porque nunca vi negro ter cabelo liso\u201d&nbsp;<\/p>\n\n\n\n<p>O \u00e1udio veio \u00e0 tona depois que Vanessa Ribeiro, 26, decidiu denunciar a fala racista da gerente na Delegacia da Pol\u00edcia Ambiental na Praia do Forte. Segundo a jovem, essa n\u00e3o foi a primeira vez que foi v\u00edtima de racismo pela mesma pessoa: a gerente j\u00e1 tinha falado com a pr\u00f3pria Vanessa sobre seu cabelo.&nbsp;<\/p>\n\n\n\n<p>Vanessa trabalhou na loja de 2021 a 2022, e as falas da gerente que aparecem no \u00e1udio foram gravadas ap\u00f3s esse per\u00edodo. Segundo a jovem, coment\u00e1rios maldosos sobre sua pessoa continuaram a ser compartilhados pela gerente. &nbsp;<\/p>\n\n\n\n<p>Pelo site do Correio, Vanessa alegou que saiu da loja depois de ser despedida sem motivos. \u201cSe ela botasse o cabelo natural, ia ficar bonita. Ent\u00e3o, for\u00e7a muito porque nunca vi negro ter cabelo liso\u201d, comentou a jovem.&nbsp;<\/p>\n\n\n\n<p>A delegacia em que Vanessa fez o Boletim de Ocorr\u00eancia compartilhou que o processo de investiga\u00e7\u00e3o j\u00e1 foi iniciado e a suposta autora j\u00e1 foi intimada e ser\u00e1 interrogada.<\/p>\n\n\n\n<p>Fonte: Varela Net <\/p>\n","protected":false},"excerpt":{"rendered":"<p>Um \u00e1udio que viralizou nas redes sociais nesta \u00faltima segunda (2) mostra falas racistas de uma gerente de uma loja na Praia do Forte. No \u00e1udio, a mulher fala mal do cabelo de uma funcion\u00e1ria com quem trabalhou ainda em 2022.&nbsp; \u201cEla \u00e9 negra mesmo, cor de disco. Se ela alisa o cabelo, fica muito [&hellip;]<\/p>\n","protected":false},"author":2,"featured_media":4931,"comment_status":"open","ping_status":"open","sticky":false,"template":"","format":"standard","meta":{"footnotes":""},"categories":[108],"tags":[],"class_list":["post-4930","post","type-post","status-publish","format-standard","has-post-thumbnail","hentry","category-justica"],"_links":{"self":[{"href":"https:\/\/salvadoracontece.com.br\/index.php\/wp-json\/wp\/v2\/posts\/4930","targetHints":{"allow":["GET"]}}],"collection":[{"href":"https:\/\/salvadoracontece.com.br\/index.php\/wp-json\/wp\/v2\/posts"}],"about":[{"href":"https:\/\/salvadoracontece.com.br\/index.php\/wp-json\/wp\/v2\/types\/post"}],"author":[{"embeddable":true,"href":"https:\/\/salvadoracontece.com.br\/index.php\/wp-json\/wp\/v2\/users\/2"}],"replies":[{"embeddable":true,"href":"https:\/\/salvadoracontece.com.br\/index.php\/wp-json\/wp\/v2\/comments?post=4930"}],"version-history":[{"count":1,"href":"https:\/\/salvadoracontece.com.br\/index.php\/wp-json\/wp\/v2\/posts\/4930\/revisions"}],"predecessor-version":[{"id":4932,"href":"https:\/\/salvadoracontece.com.br\/index.php\/wp-json\/wp\/v2\/posts\/4930\/revisions\/4932"}],"wp:featuredmedia":[{"embeddable":true,"href":"https:\/\/salvadoracontece.com.br\/index.php\/wp-json\/wp\/v2\/media\/4931"}],"wp:attachment":[{"href":"https:\/\/salvadoracontece.com.br\/index.php\/wp-json\/wp\/v2\/media?parent=4930"}],"wp:term":[{"taxonomy":"category","embeddable":true,"href":"https:\/\/salvadoracontece.com.br\/index.php\/wp-json\/wp\/v2\/categories?post=4930"},{"taxonomy":"post_tag","embeddable":true,"href":"https:\/\/salvadoracontece.com.br\/index.php\/wp-json\/wp\/v2\/tags?post=4930"}],"curies":[{"name":"wp","href":"https:\/\/api.w.org\/{rel}","templated":true}]}}