{"id":4939,"date":"2023-10-09T11:00:18","date_gmt":"2023-10-09T14:00:18","guid":{"rendered":"https:\/\/salvadoracontece.com.br\/?p=4939"},"modified":"2023-10-09T11:00:20","modified_gmt":"2023-10-09T14:00:20","slug":"semana-na-al-ba-comissao-vai-deliberar-data-da-audiencia-com-o-presidente-da-viabahia-nesta-terca-feira","status":"publish","type":"post","link":"https:\/\/salvadoracontece.com.br\/index.php\/2023\/10\/09\/semana-na-al-ba-comissao-vai-deliberar-data-da-audiencia-com-o-presidente-da-viabahia-nesta-terca-feira\/","title":{"rendered":"Semana na AL-BA: Comiss\u00e3o vai deliberar data da audi\u00eancia com o presidente da ViaBahia nesta ter\u00e7a-feira"},"content":{"rendered":"\n<p>A semana de 9 a 13 de outubro na Assembleia Legislativa da Bahia (AL-BA) ser\u00e1 marcada por sess\u00f5es ordin\u00e1rias no plen\u00e1rio e atividades das comiss\u00f5es tem\u00e1ticas da Casa.<\/p>\n\n\n\n<p>Na ter\u00e7a-feira (10), \u00e0s 9h30, a Comiss\u00e3o de Infraestrutura, Desenvolvimento Econ\u00f4mico e Turismo far\u00e1 sua reuni\u00e3o ordin\u00e1ria na Sala Jairo Azi para deliberar a data de apresenta\u00e7\u00e3o do presidente da ViaBahia, Jos\u00e9 Bartolomeu, que teve a convoca\u00e7\u00e3o aprovada de forma un\u00e2nime pelas comiss\u00f5es de Infraestrutura e de Agricultura e Pol\u00edtica Rural. O colegiado tamb\u00e9m definir\u00e1 o cronograma de atividades e distribuir\u00e1 a relatoria de dois projetos de lei.<\/p>\n\n\n\n<p>Na Sala Eliel Martins, a Comiss\u00e3o de Sa\u00fade e Saneamento far\u00e1, \u00e0s 9h30, uma audi\u00eancia p\u00fablica para debater a inclus\u00e3o de fisioterapeutas e terapeutas ocupacionais no programa sa\u00fade da fam\u00edlia.<\/p>\n\n\n\n<p>A Comiss\u00e3o de Constitui\u00e7\u00e3o e Justi\u00e7a realizar\u00e1 reuni\u00e3o ordin\u00e1ria na Sala Jadiel Matos, a partir das 10h, para apreciar 28 proposi\u00e7\u00f5es que se encontram na ordem do dia. J\u00e1 a&nbsp; Comiss\u00e3o de Educa\u00e7\u00e3o, Cultura, Ci\u00eancia e Tecnologia e Servi\u00e7o P\u00fablico vai promover uma audi\u00eancia p\u00fablica nas salas Herculano Menezes e Lu\u00eds Cabral para tratar do tema \u201cA Lei Paulo Gustavo e o apoio t\u00e9cnico \u00e0s organiza\u00e7\u00f5es populares para participa\u00e7\u00e3o dos editais\u201d. O evento acontecer\u00e1 a partir das 11h.<\/p>\n\n\n\n<p>A partir das 11h15, a Comiss\u00e3o de Finan\u00e7as, Or\u00e7amento, Fiscaliza\u00e7\u00e3o e Controle far\u00e1 reuni\u00e3o ordin\u00e1ria na Sala Jairo Azi com pauta aberta para sugest\u00f5es.<\/p>\n\n\n\n<p>Na quarta-feira (11), a Comiss\u00e3o dos Direitos da Mulher realizar\u00e1 uma reuni\u00e3o ordin\u00e1ria na\u00a0 Sala Jos\u00e9 Amando. A pauta estar\u00e1 aberta para sugest\u00f5es.\u00a0<\/p>\n\n\n\n<p>Fonte: Bahia Not\u00edcias <\/p>\n","protected":false},"excerpt":{"rendered":"<p>A semana de 9 a 13 de outubro na Assembleia Legislativa da Bahia (AL-BA) ser\u00e1 marcada por sess\u00f5es ordin\u00e1rias no plen\u00e1rio e atividades das comiss\u00f5es tem\u00e1ticas da Casa. Na ter\u00e7a-feira (10), \u00e0s 9h30, a Comiss\u00e3o de Infraestrutura, Desenvolvimento Econ\u00f4mico e Turismo far\u00e1 sua reuni\u00e3o ordin\u00e1ria na Sala Jairo Azi para deliberar a data de apresenta\u00e7\u00e3o [&hellip;]<\/p>\n","protected":false},"author":2,"featured_media":4940,"comment_status":"open","ping_status":"open","sticky":false,"template":"","format":"standard","meta":{"footnotes":""},"categories":[85],"tags":[],"class_list":["post-4939","post","type-post","status-publish","format-standard","has-post-thumbnail","hentry","category-noticias"],"_links":{"self":[{"href":"https:\/\/salvadoracontece.com.br\/index.php\/wp-json\/wp\/v2\/posts\/4939","targetHints":{"allow":["GET"]}}],"collection":[{"href":"https:\/\/salvadoracontece.com.br\/index.php\/wp-json\/wp\/v2\/posts"}],"about":[{"href":"https:\/\/salvadoracontece.com.br\/index.php\/wp-json\/wp\/v2\/types\/post"}],"author":[{"embeddable":true,"href":"https:\/\/salvadoracontece.com.br\/index.php\/wp-json\/wp\/v2\/users\/2"}],"replies":[{"embeddable":true,"href":"https:\/\/salvadoracontece.com.br\/index.php\/wp-json\/wp\/v2\/comments?post=4939"}],"version-history":[{"count":1,"href":"https:\/\/salvadoracontece.com.br\/index.php\/wp-json\/wp\/v2\/posts\/4939\/revisions"}],"predecessor-version":[{"id":4941,"href":"https:\/\/salvadoracontece.com.br\/index.php\/wp-json\/wp\/v2\/posts\/4939\/revisions\/4941"}],"wp:featuredmedia":[{"embeddable":true,"href":"https:\/\/salvadoracontece.com.br\/index.php\/wp-json\/wp\/v2\/media\/4940"}],"wp:attachment":[{"href":"https:\/\/salvadoracontece.com.br\/index.php\/wp-json\/wp\/v2\/media?parent=4939"}],"wp:term":[{"taxonomy":"category","embeddable":true,"href":"https:\/\/salvadoracontece.com.br\/index.php\/wp-json\/wp\/v2\/categories?post=4939"},{"taxonomy":"post_tag","embeddable":true,"href":"https:\/\/salvadoracontece.com.br\/index.php\/wp-json\/wp\/v2\/tags?post=4939"}],"curies":[{"name":"wp","href":"https:\/\/api.w.org\/{rel}","templated":true}]}}