{"id":4945,"date":"2023-10-09T11:23:59","date_gmt":"2023-10-09T14:23:59","guid":{"rendered":"https:\/\/salvadoracontece.com.br\/?p=4945"},"modified":"2023-10-09T11:24:01","modified_gmt":"2023-10-09T14:24:01","slug":"bahia-quatro-foragidos-da-justica-sao-presos-no-final-de-semana","status":"publish","type":"post","link":"https:\/\/salvadoracontece.com.br\/index.php\/2023\/10\/09\/bahia-quatro-foragidos-da-justica-sao-presos-no-final-de-semana\/","title":{"rendered":"Bahia: Quatro foragidos da justi\u00e7a s\u00e3o presos no final de semana"},"content":{"rendered":"\n<p>A Pol\u00edcia Rodovi\u00e1ria Federal (PRF) prendeu nas \u00faltimas 72 horas quatro foragidos da justi\u00e7a em trechos distintos das rodovias federais que cortam a Bahia.<\/p>\n\n\n\n<p>Na sexta-feira (06), por volta das 10h20, em Vit\u00f3ria da Conquista (BA), uma equipe da PRF fazia fiscaliza\u00e7\u00e3o na altura do quil\u00f4metro 830 da BR 116 deu ordem de parada a um \u00f4nibus de viagem.<\/p>\n\n\n\n<p>Em consulta ao banco de dados e sistemas utilizados pela pol\u00edcia, foi constatado que um dos passageiros, um homem de 44 anos, possu\u00eda em seu desfavor um mandado de pris\u00e3o em aberto decorrente de processo por inadimplemento de parcelas pens\u00e3o aliment\u00edcia, expedido pelo Tribunal de Justi\u00e7a do Estado do Rio de Janeiro, com validade at\u00e9 janeiro\/2025. Ocorr\u00eancia foi encaminhada para a Delegacia de Pol\u00edcia Civil, para os procedimentos cab\u00edveis.<\/p>\n\n\n\n<p>Ainda na sexta-feira (06), em Eun\u00e1polis, \u00e0s 18h00, durante fiscaliza\u00e7\u00e3o em frente ao posto da PRF (Km 720 da BR 101), os policiais deram ordem de parada a um ve\u00edculo de transporte de passageiros. Ap\u00f3s uma consulta detalhada, foi constatado mandado de pris\u00e3o em desfavor do passageiro de 33 anos pelo crime de roubo qualificado, praticado na localidade tur\u00edstica de Boipeba, em Cairu, na Bahia.&nbsp;O homem foi preso e encaminhado para a Delegacia de Pol\u00edcia Judici\u00e1ria local.<\/p>\n\n\n\n<p>J\u00e1 no s\u00e1bado (07), \u00e0s 7h00, em Barreiras (BA), policiais realizavam uma opera\u00e7\u00e3o de combate ao crime e ap\u00f3s abordarem um \u00f4nibus que saiu de Bras\u00edlia com destino final a capital baiana, descobriram que um dos passageiros, morador da cidade de Luzi\u00e2nia (GO), possu\u00eda em seu desfavor um mandado de pris\u00e3o definitiva decorrente de processo pelo crime de tr\u00e1fico de drogas, expedido pela Comarca de \u00c1guas Lindas de Goi\u00e1s.<\/p>\n\n\n\n<p>Diante dos fatos, foi dada voz de pris\u00e3o e o homem foi encaminhado \u00e0 autoridade competente da Delegacia de Pol\u00edcia Civil, para que seja entregue no pres\u00eddio e tenha in\u00edcio o cumprimento da pena.<\/p>\n\n\n\n<p>Por \u00faltimo, no domingo (08), um passageiro de um \u00f4nibus foi preso na BR 116, em Vit\u00f3ria da Conquista. Ele possu\u00eda um mandado de pris\u00e3o em aberto por tr\u00e1fico de drogas e associa\u00e7\u00e3o para o tr\u00e1fico. O documento foi expedido em julho deste ano com validade at\u00e9 o ano de 2043. O homem de 33 anos e morador da cidade de Una (BA), foi preso e apresentado na Pol\u00edcia Civil.<\/p>\n\n\n\n<p>Fonte: TRBN<\/p>\n","protected":false},"excerpt":{"rendered":"<p>A Pol\u00edcia Rodovi\u00e1ria Federal (PRF) prendeu nas \u00faltimas 72 horas quatro foragidos da justi\u00e7a em trechos distintos das rodovias federais que cortam a Bahia. Na sexta-feira (06), por volta das 10h20, em Vit\u00f3ria da Conquista (BA), uma equipe da PRF fazia fiscaliza\u00e7\u00e3o na altura do quil\u00f4metro 830 da BR 116 deu ordem de parada a [&hellip;]<\/p>\n","protected":false},"author":2,"featured_media":4946,"comment_status":"open","ping_status":"open","sticky":false,"template":"","format":"standard","meta":{"footnotes":""},"categories":[105],"tags":[],"class_list":["post-4945","post","type-post","status-publish","format-standard","has-post-thumbnail","hentry","category-policia"],"_links":{"self":[{"href":"https:\/\/salvadoracontece.com.br\/index.php\/wp-json\/wp\/v2\/posts\/4945","targetHints":{"allow":["GET"]}}],"collection":[{"href":"https:\/\/salvadoracontece.com.br\/index.php\/wp-json\/wp\/v2\/posts"}],"about":[{"href":"https:\/\/salvadoracontece.com.br\/index.php\/wp-json\/wp\/v2\/types\/post"}],"author":[{"embeddable":true,"href":"https:\/\/salvadoracontece.com.br\/index.php\/wp-json\/wp\/v2\/users\/2"}],"replies":[{"embeddable":true,"href":"https:\/\/salvadoracontece.com.br\/index.php\/wp-json\/wp\/v2\/comments?post=4945"}],"version-history":[{"count":1,"href":"https:\/\/salvadoracontece.com.br\/index.php\/wp-json\/wp\/v2\/posts\/4945\/revisions"}],"predecessor-version":[{"id":4947,"href":"https:\/\/salvadoracontece.com.br\/index.php\/wp-json\/wp\/v2\/posts\/4945\/revisions\/4947"}],"wp:featuredmedia":[{"embeddable":true,"href":"https:\/\/salvadoracontece.com.br\/index.php\/wp-json\/wp\/v2\/media\/4946"}],"wp:attachment":[{"href":"https:\/\/salvadoracontece.com.br\/index.php\/wp-json\/wp\/v2\/media?parent=4945"}],"wp:term":[{"taxonomy":"category","embeddable":true,"href":"https:\/\/salvadoracontece.com.br\/index.php\/wp-json\/wp\/v2\/categories?post=4945"},{"taxonomy":"post_tag","embeddable":true,"href":"https:\/\/salvadoracontece.com.br\/index.php\/wp-json\/wp\/v2\/tags?post=4945"}],"curies":[{"name":"wp","href":"https:\/\/api.w.org\/{rel}","templated":true}]}}