{"id":4951,"date":"2023-10-09T11:51:01","date_gmt":"2023-10-09T14:51:01","guid":{"rendered":"https:\/\/salvadoracontece.com.br\/?p=4951"},"modified":"2023-10-09T11:51:03","modified_gmt":"2023-10-09T14:51:03","slug":"israel-diz-ter-retomado-controle-e-anuncia-bloqueio-a-faixa-de-gaza","status":"publish","type":"post","link":"https:\/\/salvadoracontece.com.br\/index.php\/2023\/10\/09\/israel-diz-ter-retomado-controle-e-anuncia-bloqueio-a-faixa-de-gaza\/","title":{"rendered":"Israel diz ter retomado controle e anuncia bloqueio a Faixa de Gaza"},"content":{"rendered":"\n<p>O governo de Israel afirmou, na manh\u00e3 desta segunda-feira (9), que restabeleceu o controle das comunidades ao redor da Faixa de Gaza. O ministro da defesa do pa\u00eds, Yoav Galant, ordenou o bloqueio total em Gaza e disse: &#8220;sem eletricidade, sem alimentos e combust\u00edvel&#8221;.&nbsp;<\/p>\n\n\n\n<p>No \u00faltimo s\u00e1bado (7), o grupo Hamas lan\u00e7ou um ataque contra o territ\u00f3rio israelense. Em seguida, os israelenses revidaram e declararam estado de guerra. O terceiro dia de\u00a0conflito\u00a0provocou a morte de ao menos 1.200 pessoas, sendo 700 em Israel, 493 na Faixa de Gaza e 7 na Cisjord\u00e2nia, segundo o balan\u00e7o mais recente.<\/p>\n\n\n\n<p>Ainda nesta manh\u00e3, o porta-voz das for\u00e7as militares de Israel afirmou que as tropas batalhavam em sete ou oito pontos nos arredores da Faixa de Gaza. Quatro divis\u00f5es de combate foram instaladas no sul do pa\u00eds.<\/p>\n\n\n\n<p>A Faixa de Gaza \u00e9 um territ\u00f3rio situado entre Israel, Egito e o Mar Mediterr\u00e2neo, e abriga cerca de 2,3 milh\u00f5es de pessoas \u2014 uma das maiores densidades populacionais do mundo. O espa\u00e7o a\u00e9reo de Gaza e sua costa mar\u00edtima \u00e9 controlada por Israel. Os israelenses tamb\u00e9m restringem quais mercadorias e quem pode entrar e sair da regi\u00e3o. O Egito, por sua vez, controla quem atravessa a fronteira.<\/p>\n\n\n\n<p>De acordo com a Organiza\u00e7\u00e3o das Na\u00e7\u00f5es Unidas (ONU), cerca de\u00a080% da popula\u00e7\u00e3o de Gaza depende de ajuda internacional e 1 milh\u00e3o de pessoas contam com ajuda alimentar di\u00e1ria.<\/p>\n\n\n\n<p>Fonte: Metro1 <\/p>\n","protected":false},"excerpt":{"rendered":"<p>O governo de Israel afirmou, na manh\u00e3 desta segunda-feira (9), que restabeleceu o controle das comunidades ao redor da Faixa de Gaza. O ministro da defesa do pa\u00eds, Yoav Galant, ordenou o bloqueio total em Gaza e disse: &#8220;sem eletricidade, sem alimentos e combust\u00edvel&#8221;.&nbsp; No \u00faltimo s\u00e1bado (7), o grupo Hamas lan\u00e7ou um ataque contra [&hellip;]<\/p>\n","protected":false},"author":2,"featured_media":4952,"comment_status":"open","ping_status":"open","sticky":false,"template":"","format":"standard","meta":{"footnotes":""},"categories":[85],"tags":[],"class_list":["post-4951","post","type-post","status-publish","format-standard","has-post-thumbnail","hentry","category-noticias"],"_links":{"self":[{"href":"https:\/\/salvadoracontece.com.br\/index.php\/wp-json\/wp\/v2\/posts\/4951","targetHints":{"allow":["GET"]}}],"collection":[{"href":"https:\/\/salvadoracontece.com.br\/index.php\/wp-json\/wp\/v2\/posts"}],"about":[{"href":"https:\/\/salvadoracontece.com.br\/index.php\/wp-json\/wp\/v2\/types\/post"}],"author":[{"embeddable":true,"href":"https:\/\/salvadoracontece.com.br\/index.php\/wp-json\/wp\/v2\/users\/2"}],"replies":[{"embeddable":true,"href":"https:\/\/salvadoracontece.com.br\/index.php\/wp-json\/wp\/v2\/comments?post=4951"}],"version-history":[{"count":1,"href":"https:\/\/salvadoracontece.com.br\/index.php\/wp-json\/wp\/v2\/posts\/4951\/revisions"}],"predecessor-version":[{"id":4953,"href":"https:\/\/salvadoracontece.com.br\/index.php\/wp-json\/wp\/v2\/posts\/4951\/revisions\/4953"}],"wp:featuredmedia":[{"embeddable":true,"href":"https:\/\/salvadoracontece.com.br\/index.php\/wp-json\/wp\/v2\/media\/4952"}],"wp:attachment":[{"href":"https:\/\/salvadoracontece.com.br\/index.php\/wp-json\/wp\/v2\/media?parent=4951"}],"wp:term":[{"taxonomy":"category","embeddable":true,"href":"https:\/\/salvadoracontece.com.br\/index.php\/wp-json\/wp\/v2\/categories?post=4951"},{"taxonomy":"post_tag","embeddable":true,"href":"https:\/\/salvadoracontece.com.br\/index.php\/wp-json\/wp\/v2\/tags?post=4951"}],"curies":[{"name":"wp","href":"https:\/\/api.w.org\/{rel}","templated":true}]}}