{"id":4957,"date":"2023-10-09T12:14:13","date_gmt":"2023-10-09T15:14:13","guid":{"rendered":"https:\/\/salvadoracontece.com.br\/?p=4957"},"modified":"2023-10-09T12:14:15","modified_gmt":"2023-10-09T15:14:15","slug":"suspeito-de-matar-corretora-na-ba-recebe-alta-e-seguira-para-presidio","status":"publish","type":"post","link":"https:\/\/salvadoracontece.com.br\/index.php\/2023\/10\/09\/suspeito-de-matar-corretora-na-ba-recebe-alta-e-seguira-para-presidio\/","title":{"rendered":"Suspeito de matar corretora na BA recebe alta e seguir\u00e1 para pres\u00eddio"},"content":{"rendered":"\n<p>O suspeito de ter matado a corretora de seguros Marileide Santos Silva, de 40 anos, recebeu alta m\u00e9dica e ser\u00e1 encaminhado para uma unidade prisional. A v\u00edtima foi encontrada morta no dia 21 de setembro,\u00a0enrolada em um tapete dentro de casa, no bairro Vilas do Atl\u00e2ntico, em\u00a0Lauro de Freitas, na Regi\u00e3o Metropolitana de Salvador.<\/p>\n\n\n\n<p>O homem, identificado como Anderson, foi encontrado deitado no sof\u00e1 dala. Ele estava internado no Hospital Menandro de Faria. Um\u00a0pedido de pris\u00e3o preventiva foi expedido contra ele.<\/p>\n\n\n\n<p>Segundo testemunhas, a \u00faltima vez que Marileide Santos Silva entrou em contato foi na segunda-feira, 18 de setembro, cerca de tr\u00eas dias antes de ser encontrada morta. Segundo vizinhos, era poss\u00edvel sentir um forte odot vindo da dira\u00e7\u00e3o da casa da v\u00edtima.<\/p>\n\n\n\n<p>A corretora tinha diversos animais de estima\u00e7\u00e3o e, do lado de fora da casa, era poss\u00edvel perceber a inquieta\u00e7\u00e3o dos bichos. Amigos de Marileide estranharam a falta de not\u00edcias e foram ao im\u00f3vel. Segundo eles, ela foi encontrada com marcas de viol\u00eancia e o rosto desfigurado.<\/p>\n\n\n\n<p>O caseiro da resid\u00eancia trabalhava com Marileide h\u00e1 6 anos e cuidava dos animais dela. Uma vizinha, que preferiu n\u00e3o se identificar, disse que a v\u00edtima morava no im\u00f3vel, com o suspeito, h\u00e1 cerca de 2 meses.<\/p>\n\n\n\n<p>A 23\u00aa delegacia de Lauro de Freitas investiga a motiva\u00e7\u00e3o do crime. Os laudos do Departamento de Pol\u00edcia T\u00e9cnica (DPT) apontar\u00e3o as causas da morte.<\/p>\n\n\n\n<h2 class=\"wp-block-heading\">Animais resgatados<\/h2>\n\n\n\n<p>Os animais que viviam com a v\u00edtima foram resgatados por uma ONG. Segundo a coordenadora da institui\u00e7\u00e3o que fez o resgate, a corretora de im\u00f3veis atuava como volunt\u00e1ria da causa h\u00e1 mais de 10 anos.<\/p>\n\n\n\n<p>&#8220;May fazia um trabalho h\u00e1 mais de 10 anos na causa animal, ent\u00e3o ela era uma protetora volunt\u00e1ria. Os gatos ficaram em uma situa\u00e7\u00e3o muito dif\u00edcil. A gente resgatou 31 animais e ainda restam sete c\u00e3es l\u00e1 [na resid\u00eancia]&#8221;, contou Patruska Barreiro, em entrevista a TV Bahia.<\/p>\n\n\n\n<p>Fonte: iBahia <\/p>\n","protected":false},"excerpt":{"rendered":"<p>O suspeito de ter matado a corretora de seguros Marileide Santos Silva, de 40 anos, recebeu alta m\u00e9dica e ser\u00e1 encaminhado para uma unidade prisional. A v\u00edtima foi encontrada morta no dia 21 de setembro,\u00a0enrolada em um tapete dentro de casa, no bairro Vilas do Atl\u00e2ntico, em\u00a0Lauro de Freitas, na Regi\u00e3o Metropolitana de Salvador. O [&hellip;]<\/p>\n","protected":false},"author":2,"featured_media":4958,"comment_status":"open","ping_status":"open","sticky":false,"template":"","format":"standard","meta":{"footnotes":""},"categories":[105],"tags":[],"class_list":["post-4957","post","type-post","status-publish","format-standard","has-post-thumbnail","hentry","category-policia"],"_links":{"self":[{"href":"https:\/\/salvadoracontece.com.br\/index.php\/wp-json\/wp\/v2\/posts\/4957","targetHints":{"allow":["GET"]}}],"collection":[{"href":"https:\/\/salvadoracontece.com.br\/index.php\/wp-json\/wp\/v2\/posts"}],"about":[{"href":"https:\/\/salvadoracontece.com.br\/index.php\/wp-json\/wp\/v2\/types\/post"}],"author":[{"embeddable":true,"href":"https:\/\/salvadoracontece.com.br\/index.php\/wp-json\/wp\/v2\/users\/2"}],"replies":[{"embeddable":true,"href":"https:\/\/salvadoracontece.com.br\/index.php\/wp-json\/wp\/v2\/comments?post=4957"}],"version-history":[{"count":1,"href":"https:\/\/salvadoracontece.com.br\/index.php\/wp-json\/wp\/v2\/posts\/4957\/revisions"}],"predecessor-version":[{"id":4959,"href":"https:\/\/salvadoracontece.com.br\/index.php\/wp-json\/wp\/v2\/posts\/4957\/revisions\/4959"}],"wp:featuredmedia":[{"embeddable":true,"href":"https:\/\/salvadoracontece.com.br\/index.php\/wp-json\/wp\/v2\/media\/4958"}],"wp:attachment":[{"href":"https:\/\/salvadoracontece.com.br\/index.php\/wp-json\/wp\/v2\/media?parent=4957"}],"wp:term":[{"taxonomy":"category","embeddable":true,"href":"https:\/\/salvadoracontece.com.br\/index.php\/wp-json\/wp\/v2\/categories?post=4957"},{"taxonomy":"post_tag","embeddable":true,"href":"https:\/\/salvadoracontece.com.br\/index.php\/wp-json\/wp\/v2\/tags?post=4957"}],"curies":[{"name":"wp","href":"https:\/\/api.w.org\/{rel}","templated":true}]}}