{"id":4979,"date":"2023-10-10T14:12:13","date_gmt":"2023-10-10T17:12:13","guid":{"rendered":"https:\/\/salvadoracontece.com.br\/?p=4979"},"modified":"2023-10-10T14:12:15","modified_gmt":"2023-10-10T17:12:15","slug":"apos-manobra-tecnica-metro-deixa-vagoes-lotados-sem-energia","status":"publish","type":"post","link":"https:\/\/salvadoracontece.com.br\/index.php\/2023\/10\/10\/apos-manobra-tecnica-metro-deixa-vagoes-lotados-sem-energia\/","title":{"rendered":"Ap\u00f3s manobra t\u00e9cnica, metr\u00f4 deixa vag\u00f5es lotados sem energia"},"content":{"rendered":"\n<p>Os usu\u00e1rios do Metr\u00f4 de Salvador foram surpreendidos com \u201capag\u00e3o\u201d na noite desta segunda-feira (9). &nbsp;A falha no sistema afetou um dos trens da Linha 2 que ficou parada na Esta\u00e7\u00e3o Imbu\u00ed sem ilumina\u00e7\u00e3o, apavorando os passageiros.<\/p>\n\n\n\n<p>Nas imagens, a superlota\u00e7\u00e3o dos vag\u00f5es deixam os usu\u00e1rios assustados com a falta de energia.<\/p>\n\n\n\n<p>De acordo com o sistema metrovi\u00e1rio, a CCR Metr\u00f4 Bahia informa que a falha ocorreu ap\u00f3s uma manobra t\u00e9cnica realizada em uma das substitui\u00e7\u00f5es do sistema. O funcionamento das linha j\u00e1 foi regularizada.<\/p>\n\n\n\n<p>Fonte: Varela Net <\/p>\n","protected":false},"excerpt":{"rendered":"<p>Os usu\u00e1rios do Metr\u00f4 de Salvador foram surpreendidos com \u201capag\u00e3o\u201d na noite desta segunda-feira (9). &nbsp;A falha no sistema afetou um dos trens da Linha 2 que ficou parada na Esta\u00e7\u00e3o Imbu\u00ed sem ilumina\u00e7\u00e3o, apavorando os passageiros. Nas imagens, a superlota\u00e7\u00e3o dos vag\u00f5es deixam os usu\u00e1rios assustados com a falta de energia. De acordo com [&hellip;]<\/p>\n","protected":false},"author":2,"featured_media":4980,"comment_status":"open","ping_status":"open","sticky":false,"template":"","format":"standard","meta":{"footnotes":""},"categories":[85],"tags":[],"class_list":["post-4979","post","type-post","status-publish","format-standard","has-post-thumbnail","hentry","category-noticias"],"_links":{"self":[{"href":"https:\/\/salvadoracontece.com.br\/index.php\/wp-json\/wp\/v2\/posts\/4979","targetHints":{"allow":["GET"]}}],"collection":[{"href":"https:\/\/salvadoracontece.com.br\/index.php\/wp-json\/wp\/v2\/posts"}],"about":[{"href":"https:\/\/salvadoracontece.com.br\/index.php\/wp-json\/wp\/v2\/types\/post"}],"author":[{"embeddable":true,"href":"https:\/\/salvadoracontece.com.br\/index.php\/wp-json\/wp\/v2\/users\/2"}],"replies":[{"embeddable":true,"href":"https:\/\/salvadoracontece.com.br\/index.php\/wp-json\/wp\/v2\/comments?post=4979"}],"version-history":[{"count":1,"href":"https:\/\/salvadoracontece.com.br\/index.php\/wp-json\/wp\/v2\/posts\/4979\/revisions"}],"predecessor-version":[{"id":4981,"href":"https:\/\/salvadoracontece.com.br\/index.php\/wp-json\/wp\/v2\/posts\/4979\/revisions\/4981"}],"wp:featuredmedia":[{"embeddable":true,"href":"https:\/\/salvadoracontece.com.br\/index.php\/wp-json\/wp\/v2\/media\/4980"}],"wp:attachment":[{"href":"https:\/\/salvadoracontece.com.br\/index.php\/wp-json\/wp\/v2\/media?parent=4979"}],"wp:term":[{"taxonomy":"category","embeddable":true,"href":"https:\/\/salvadoracontece.com.br\/index.php\/wp-json\/wp\/v2\/categories?post=4979"},{"taxonomy":"post_tag","embeddable":true,"href":"https:\/\/salvadoracontece.com.br\/index.php\/wp-json\/wp\/v2\/tags?post=4979"}],"curies":[{"name":"wp","href":"https:\/\/api.w.org\/{rel}","templated":true}]}}