{"id":5038,"date":"2023-10-11T14:19:10","date_gmt":"2023-10-11T17:19:10","guid":{"rendered":"https:\/\/salvadoracontece.com.br\/?p=5038"},"modified":"2023-10-11T14:19:12","modified_gmt":"2023-10-11T17:19:12","slug":"israel-forma-governo-de-emergencia-e-gaza-fica-sem-energia-apos-unica-central-parar","status":"publish","type":"post","link":"https:\/\/salvadoracontece.com.br\/index.php\/2023\/10\/11\/israel-forma-governo-de-emergencia-e-gaza-fica-sem-energia-apos-unica-central-parar\/","title":{"rendered":"Israel forma governo de emerg\u00eancia e Gaza fica sem energia ap\u00f3s \u00fanica central parar"},"content":{"rendered":"\n<p>O primeiro-ministro de Israel, Benjamin Netanyahu, anunciou, nesta quarta-feira (11), que o pa\u00eds est\u00e1 formando um governo de emerg\u00eanica. A oposi\u00e7\u00e3o n\u00e3o deve fazer parte do comit\u00ea.<\/p>\n\n\n\n<p>A fala foi feita em conjunto com o l\u00edder do partido da Unidade Nacional e ex-ministro da Defesa, Benny Gantz, que tamb\u00e9m formar\u00e1 o grupo, bem como o atual ministro Yoav Gallant. Segundoas autoridades locais, o governo, atrav\u00e9s do comit\u00ea, n\u00e3o aprovar\u00e1 nenhuma decis\u00e3o que n\u00e3o esteja relacionada \u00e0 guerra.&nbsp;<\/p>\n\n\n\n<p>J\u00e1 na Faixa de Gaza, a \u00fanica central de energia da regi\u00e3o parou de funcionar. A informa\u00e7\u00e3o foi comunicada pelo chefe da autoridade energ\u00e9tica do territ\u00f3rio palestino, Galal Ismail, em entrevista \u00e0 CNN. Apenas aqueles locais com geradores est\u00e3o com energia na regi\u00e3o.<\/p>\n\n\n\n<p>Essa seria uma das consequ\u00eancias do \u201ccerco completo\u201d que o ministro da Defesa de Israel ordenou a ser realizado desde a \u00faltima segunda-feira (9). Ap\u00f3s o ataque do Hamas, foi anunciado como uma das estrat\u00e9gias suspender o fornecimento de eletricidade, alimentos, \u00e1gua e combust\u00edvel.\u00a0<\/p>\n\n\n\n<p>Fonte: Metro1 <\/p>\n","protected":false},"excerpt":{"rendered":"<p>O primeiro-ministro de Israel, Benjamin Netanyahu, anunciou, nesta quarta-feira (11), que o pa\u00eds est\u00e1 formando um governo de emerg\u00eanica. A oposi\u00e7\u00e3o n\u00e3o deve fazer parte do comit\u00ea. A fala foi feita em conjunto com o l\u00edder do partido da Unidade Nacional e ex-ministro da Defesa, Benny Gantz, que tamb\u00e9m formar\u00e1 o grupo, bem como o [&hellip;]<\/p>\n","protected":false},"author":2,"featured_media":5039,"comment_status":"open","ping_status":"open","sticky":false,"template":"","format":"standard","meta":{"footnotes":""},"categories":[85],"tags":[],"class_list":["post-5038","post","type-post","status-publish","format-standard","has-post-thumbnail","hentry","category-noticias"],"_links":{"self":[{"href":"https:\/\/salvadoracontece.com.br\/index.php\/wp-json\/wp\/v2\/posts\/5038","targetHints":{"allow":["GET"]}}],"collection":[{"href":"https:\/\/salvadoracontece.com.br\/index.php\/wp-json\/wp\/v2\/posts"}],"about":[{"href":"https:\/\/salvadoracontece.com.br\/index.php\/wp-json\/wp\/v2\/types\/post"}],"author":[{"embeddable":true,"href":"https:\/\/salvadoracontece.com.br\/index.php\/wp-json\/wp\/v2\/users\/2"}],"replies":[{"embeddable":true,"href":"https:\/\/salvadoracontece.com.br\/index.php\/wp-json\/wp\/v2\/comments?post=5038"}],"version-history":[{"count":1,"href":"https:\/\/salvadoracontece.com.br\/index.php\/wp-json\/wp\/v2\/posts\/5038\/revisions"}],"predecessor-version":[{"id":5040,"href":"https:\/\/salvadoracontece.com.br\/index.php\/wp-json\/wp\/v2\/posts\/5038\/revisions\/5040"}],"wp:featuredmedia":[{"embeddable":true,"href":"https:\/\/salvadoracontece.com.br\/index.php\/wp-json\/wp\/v2\/media\/5039"}],"wp:attachment":[{"href":"https:\/\/salvadoracontece.com.br\/index.php\/wp-json\/wp\/v2\/media?parent=5038"}],"wp:term":[{"taxonomy":"category","embeddable":true,"href":"https:\/\/salvadoracontece.com.br\/index.php\/wp-json\/wp\/v2\/categories?post=5038"},{"taxonomy":"post_tag","embeddable":true,"href":"https:\/\/salvadoracontece.com.br\/index.php\/wp-json\/wp\/v2\/tags?post=5038"}],"curies":[{"name":"wp","href":"https:\/\/api.w.org\/{rel}","templated":true}]}}